{"id":8596,"date":"2015-11-03T10:27:25","date_gmt":"2015-11-03T09:27:25","guid":{"rendered":"http:\/\/www.teamartist.com\/blog\/?p=8596"},"modified":"2022-05-05T13:58:33","modified_gmt":"2022-05-05T12:58:33","slug":"le-gite-fuori-porta-organizzate-per-i-soci-non-sono-attivita-commerciale","status":"publish","type":"post","link":"https:\/\/www.teamartist.com\/blog\/2015\/11\/03\/le-gite-fuori-porta-organizzate-per-i-soci-non-sono-attivita-commerciale\/","title":{"rendered":"Le gite fuori porta organizzate per i soci non sono attivit\u00e0 commerciale"},"content":{"rendered":"<p style=\"text-align: justify;\"><span style=\"font-family: Verdana, sans-serif;\"><span style=\"font-size: medium;\"><span style=\"color: #000000;\">Buone notizie in arrivo per tutte le Associazioni che desiderano muoversi sul territorio tramite viaggi o gite. <strong>Se si posseggono certi requisiti queste attivit\u00e0 non sono pi\u00f9 considerate attivit\u00e0 commerciali.<\/strong><\/span><\/span><\/span><\/p>\n<p style=\"text-align: justify;\"><span style=\"font-family: Verdana, sans-serif;\"><span style=\"font-size: medium;\"><span style=\"color: #000000;\">L\u2019organizzazione da parte di un\u2019associazione di un viaggio o di una gita per i suoi soci, realizzata appoggiandosi ad un\u2019agenzia viaggi e raccogliendo fondi tra gli aderenti all\u2019iniziativa non <\/span><span style=\"color: #000000;\"><b>pu\u00f2 essere considerata un\u2019attivit\u00e0 di natura commerciale. <\/b><\/span><span style=\"color: #000000;\">L\u2019argomento, certamente di interesse per le tante Associazioni\u00a0che vedono nella \u201cgita fuori porta\u201d il momento culmine dell\u2019anno associativo, \u00e8 stato discusso recentemente dalla Cassazione (sentenza 21988\/15) facendo tirare un sospiro di sollievo alle tante associazioni che organizzano viaggi per i propri associati.<\/span><\/span><\/span><\/p>\n<p style=\"text-align: justify;\"><span style=\"font-family: Verdana, sans-serif;\"><span style=\"font-size: medium;\"><br \/>\n<span style=\"color: #000000;\"><b>Il caso<\/b><\/span><\/span><\/span><span style=\"font-family: Verdana, sans-serif;\"><span style=\"font-size: medium;\"><br \/>\n<span style=\"color: #000000;\">Un\u2019associazione aveva ricevuto diversi avvisi di accertamento per maggiore imponibile ai fini IVA per via delle attivit\u00e0 da essa curate. Secondo l\u2019Agenzia, <\/span><span style=\"color: #000000;\"><b>l\u2019organizzazione di viaggi era per legge di natura commerciale<\/b><\/span><span style=\"color: #000000;\">, anche se svolta in diretta attuazione degli scopi sociali verso gli associati, indipendentemente dal numero di viaggi organizzati durante l\u2019anno. Da qui l&#8217;accusa di maggior imponibile non dichiarato.<\/span><\/span><\/span><span style=\"font-family: Verdana, sans-serif;\"><span style=\"font-size: medium;\"><br \/>\n<span style=\"color: #000000;\">La pretesa dell\u2019Agenzia delle Entrate \u00e8 parsa per\u00f2, a detta dei Supremi Giudici, inaccettabile.\u00a0<\/span><\/span><\/span><span style=\"font-family: Verdana, sans-serif;\"><span style=\"font-size: medium;\"><span style=\"color: #000000;\">Ora, <span style=\"color: #ff0000;\"><strong>poich\u00e9 <\/strong><\/span><\/span><span style=\"color: #ff0000;\"><b>era stato escluso lo svolgimento di attivit\u00e0 volte a ricavare introiti con un certo carattere di stabilit\u00e0 <\/b><\/span><span style=\"color: #000000;\">(l\u2019associazione aveva noleggiato un autobus per alcune trasferte in Italia, incaricando un\u2019agenzia di organizzare il tutto con una media di un paio di volte l\u2019anno), <\/span><span style=\"color: #ff0000;\"><b>raccogliendo fondi tra i partecipanti pari al solo costo effettivo, la pretesa dell\u2019Agenzia veniva meno<\/b><\/span><span style=\"color: #000000;\">. La conseguenza \u00e8 stata il rigetto del ricorso. <\/span><\/span><\/span><\/p>\n<p><strong><span style=\"color: #000000;\"><span style=\"font-family: Verdana, sans-serif;\"><span style=\"font-size: medium;\"><b>La morale della storia<\/b><\/span><\/span><\/span><\/strong><\/p>\n<p class=\"western\" align=\"JUSTIFY\"><span style=\"color: #000000;\"><span style=\"font-family: Verdana, sans-serif;\"><span style=\"font-size: medium;\">Cosa si pu\u00f2 ricavare da quest&#8217;esperienza di utile per tutte le Associazioni? Be, l&#8217;insegnamento importante \u00e8 uno: nel caso in cui sia presente a statuto la possibilit\u00e0 per i soci di organizzare e partecipare a viaggi o gite ed questi provvedano all&#8217;organizzazione e realizzazione tramite raccolta fondi interna, <\/span><\/span><\/span><strong><span style=\"color: #ff0000;\"><span style=\"font-family: Verdana, sans-serif;\"><span style=\"font-size: medium;\"><b>senza procurare cos\u00ec un guadagno all&#8217;Associazione stessa<\/b><\/span><\/span><\/span><\/strong><span style=\"color: #000000;\"><span style=\"font-family: Verdana, sans-serif;\"><span style=\"font-size: medium;\">, allora <\/span><\/span><\/span><strong><span style=\"color: #000000;\"><span style=\"font-family: Verdana, sans-serif;\"><span style=\"font-size: medium;\">l&#8217;attivit\u00e0 cos\u00ec strutturata <\/span><\/span><\/span><\/strong><strong><span style=\"color: #000000;\"><span style=\"font-family: Verdana, sans-serif;\"><span style=\"font-size: medium;\"><b>non deve essere considerata come attivit\u00e0 commerciale ma come realizzazione dei fini istituzionali dell&#8217;Associazione stessa<\/b><\/span><\/span><\/span><\/strong> <span style=\"color: #000000;\"><span style=\"font-family: Verdana, sans-serif;\"><span style=\"font-size: medium;\">e come tale soggetta a trattamento fiscale specifico.<\/span><\/span><\/span><\/p>\n","protected":false},"excerpt":{"rendered":"<p>nel caso in cui sia presente a statuto la possibilit\u00e0 per i soci di organizzare e partecipare a viaggi o gite ed questi provvedano all&#8217;organizzazione e realizzazione tramite raccolta fondi interna, senza procurare cos\u00ec un guadagno all&#8217;Associazione stessa, allora l&#8217;attivit\u00e0 cos\u00ec strutturata non deve essere considerata come attivit\u00e0 commerciale ma come realizzazione dei fini istituzionali dell&#8217;Associazione stessa e come tale soggetta a trattamento fiscale specifico.<\/p>\n","protected":false},"author":4,"featured_media":8608,"comment_status":"open","ping_status":"open","sticky":false,"template":"template-post-central-photo.php","format":[],"meta":{"ns_seo_title":"Gite fuori porta per soci: nuovi chiarimenti legali","ns_meta_description":"Le associazioni possono organizzare gite per soci senza considerarle commerciali, secondo una recente sentenza della Cassazione. Scopri i dettagli.","ns_meta_keywords":"gite fuori porta, associazioni, sentenza Cassazione, attivit\u00e0 commerciale, viaggi per soci, raccolta fondi, normativa fiscale","ns_format_proposto":0,"ns_tipologia_proposta":0,"ns_tag_proposti":[],"ns_argomento_proposto":0,"ns_categoria_proposta":0,"ns_check_query_entries":[],"ns_valutazione_query_keywords":[],"ns_pagespeed_results":[],"footnotes":""},"categories":[747],"tags":[],"tipologia":[],"argomento":[],"class_list":["post-8596","post","type-post","status-publish","format-standard","has-post-thumbnail","hentry","category-absolvo"],"_links":{"self":[{"href":"https:\/\/www.teamartist.com\/blog\/wp-json\/wp\/v2\/posts\/8596","targetHints":{"allow":["GET"]}}],"collection":[{"href":"https:\/\/www.teamartist.com\/blog\/wp-json\/wp\/v2\/posts"}],"about":[{"href":"https:\/\/www.teamartist.com\/blog\/wp-json\/wp\/v2\/types\/post"}],"author":[{"embeddable":true,"href":"https:\/\/www.teamartist.com\/blog\/wp-json\/wp\/v2\/users\/4"}],"replies":[{"embeddable":true,"href":"https:\/\/www.teamartist.com\/blog\/wp-json\/wp\/v2\/comments?post=8596"}],"version-history":[{"count":"1","href":"https:\/\/www.teamartist.com\/blog\/wp-json\/wp\/v2\/posts\/8596\/revisions"}],"predecessor-version":[{"id":13158,"href":"https:\/\/www.teamartist.com\/blog\/wp-json\/wp\/v2\/posts\/8596\/revisions\/13158"}],"wp:featuredmedia":[{"embeddable":true,"href":"https:\/\/www.teamartist.com\/blog\/wp-json\/wp\/v2\/media\/8608"}],"wp:attachment":[{"href":"https:\/\/www.teamartist.com\/blog\/wp-json\/wp\/v2\/media?parent=8596"}],"wp:term":[{"taxonomy":"category","embeddable":true,"href":"https:\/\/www.teamartist.com\/blog\/wp-json\/wp\/v2\/categories?post=8596"},{"taxonomy":"post_tag","embeddable":true,"href":"https:\/\/www.teamartist.com\/blog\/wp-json\/wp\/v2\/tags?post=8596"},{"taxonomy":"tipologia","embeddable":true,"href":"https:\/\/www.teamartist.com\/blog\/wp-json\/wp\/v2\/tipologia?post=8596"},{"taxonomy":"argomento","embeddable":true,"href":"https:\/\/www.teamartist.com\/blog\/wp-json\/wp\/v2\/argomento?post=8596"},{"taxonomy":"format","embeddable":true,"href":"https:\/\/www.teamartist.com\/blog\/wp-json\/wp\/v2\/format?post=8596"}],"curies":[{"name":"wp","href":"https:\/\/api.w.org\/{rel}","templated":true}]}}