{"id":8580,"date":"2015-11-02T10:25:29","date_gmt":"2015-11-02T09:25:29","guid":{"rendered":"http:\/\/www.teamartist.com\/blog\/?p=8580"},"modified":"2022-05-05T13:58:35","modified_gmt":"2022-05-05T12:58:35","slug":"digital-for-social-oltre-un-milione-di-euro-per-la-tua-associazione","status":"publish","type":"post","link":"https:\/\/www.teamartist.com\/blog\/2015\/11\/02\/digital-for-social-oltre-un-milione-di-euro-per-la-tua-associazione\/","title":{"rendered":"Digital for Social: oltre un milione di euro per la tua associazione"},"content":{"rendered":"<p style=\"text-align: justify;\"><span style=\"color: #000000;\"><span style=\"font-family: Verdana, sans-serif;\"><span style=\"font-size: medium;\">Anche nell\u2019ambito del terzo settore, <strong>il digitale \u00e8 quell\u2019opzione che pu\u00f2 segnare un balzo notevole e che pu\u00f2 tradurre pi\u00f9 efficacemente sul campo visioni e progetti<\/strong>: \u00e8 proprio a chi opera in questo segmento che parla <strong><span style=\"color: #ff0000;\">il bando di <\/span><\/strong><\/span><\/span><\/span><strong><span style=\"color: #ff0000;\"><em><span style=\"font-family: Verdana, sans-serif;\"><span style=\"font-size: medium;\">Digital for Social \u2013 il digitale al servizio delle buone ide<\/span><\/span><\/em><\/span><\/strong><span style=\"color: #000000;\"><span style=\"font-family: Verdana, sans-serif;\"><span style=\"font-size: medium;\"><strong><span style=\"color: #ff0000;\">e, promosso da Fondazione Vodafone Italia<\/span><\/strong> in collaborazione con il Gruppo 24 Ore, <strong>che mette in palio un milione e mezzo di euro per finanziare i progetti che vogliono usare il digitale<\/strong> per rendere pi\u00f9 performante la risposta ai bisogni.<\/span><\/span><\/span><\/p>\n<p align=\"JUSTIFY\"><span style=\"color: #000000;\"><span style=\"font-family: Verdana, sans-serif;\"><span style=\"font-size: medium;\">Una chance quindi che parla a soggetti, dalle <\/span><\/span><\/span><span style=\"color: #000000;\"><span style=\"font-family: Verdana, sans-serif;\"><span style=\"font-size: medium;\">onlus <\/span><\/span><\/span><span style=\"color: #000000;\"><span style=\"font-family: Verdana, sans-serif;\"><span style=\"font-size: medium;\">alle fondazioni, che operano gi\u00e0 sui territori e che in particolare affrontano i <\/span><\/span><\/span><strong><span style=\"color: #000000;\"><span style=\"font-family: Verdana, sans-serif;\"><span style=\"font-size: medium;\">bisogni giovanili<\/span><\/span><\/span><\/strong><span style=\"color: #000000;\"><span style=\"font-family: Verdana, sans-serif;\"><span style=\"font-size: medium;\">, in grado di ripensare la loro mission alla luce di un supporto tech: i progetti che concorrono al bando, per aggiudicarsi un finanziamento, devono passare dal giudizio del <\/span><\/span><\/span><strong><span style=\"color: #000000;\"><span style=\"font-family: Verdana, sans-serif;\"><span style=\"font-size: medium;\">comitato di valutazione <\/span><\/span><\/span><\/strong><span style=\"color: #000000;\"><span style=\"font-family: Verdana, sans-serif;\"><span style=\"font-size: medium;\">del bando: per vincere, come spesso accade quando si parla di progetti innovativi, serve un\u2019idea capace di impattare ma anche <\/span><\/span><\/span><strong><span style=\"color: #000000;\"><span style=\"font-family: Verdana, sans-serif;\"><span style=\"font-size: medium;\">sostenibile economicamente <\/span><\/span><\/span><\/strong><span style=\"color: #000000;\"><span style=\"font-family: Verdana, sans-serif;\"><span style=\"font-size: medium;\">e che sia nuova anche concettualmente.<\/span><\/span><\/span><\/p>\n<p align=\"JUSTIFY\"><span style=\"color: #000000;\"><span style=\"font-family: Verdana, sans-serif;\"><span style=\"font-size: medium;\">Fino al <\/span><\/span><\/span><strong><span style=\"color: #000000;\"><span style=\"font-family: Verdana, sans-serif;\"><span style=\"font-size: medium;\">20 dicembre <\/span><\/span><\/span><\/strong><span style=\"color: #000000;\"><span style=\"font-family: Verdana, sans-serif;\"><span style=\"font-size: medium;\">c\u2019\u00e8 tempo per candidarsi sul sito della fondazione (<a href=\"https:\/\/fondazionevodafone.digitalforsocial.it\/\" rel=\"nofollow noopener noreferrer\" target=\"_blank\">https:\/\/fondazionevodafone.digitalforsocial.it\/<\/a>); ma per gli interessati a <\/span><\/span><\/span><strong><span style=\"color: #000000;\"><span style=\"font-family: Verdana, sans-serif;\"><span style=\"font-size: medium;\">Digital for Social <\/span><\/span><\/span><\/strong><span style=\"color: #000000;\"><span style=\"font-family: Verdana, sans-serif;\"><span style=\"font-size: medium;\">ci sono anche in vista appuntamenti aperti al pubblico per saperne di pi\u00f9 dell\u2019iniziativa promossa dalla branca dell\u2019azienda che si dedica alle attivit\u00e0 di servizio e alla solidariet\u00e0. Un\u2019occasione per fare complessivamente pi\u00f9\u00a0<\/span><\/span><\/span><span style=\"color: #000000;\"><span style=\"font-family: Verdana, sans-serif;\"><span style=\"font-size: medium;\">innovazione <\/span><\/span><\/span><span style=\"color: #000000;\"><span style=\"font-family: Verdana, sans-serif;\"><span style=\"font-size: medium;\">senza per\u00f2 dimenticare\u00a0la portata sociale delle azioni che si intende intraprendere. Un&#8217;iniziativa dunque sicuramente da ricordare tra quelle pi\u00f9 significative messe in campo in questo ambito.<\/span><\/span><\/span><\/p>\n","protected":false},"excerpt":{"rendered":"<p>il bando di Digital for Social che mette in palio un milione e mezzo di euro per finanziare i progetti che vogliono usare il digitale per rendere pi\u00f9 performante la risposta ai bisogni.<\/p>\n","protected":false},"author":4,"featured_media":8589,"comment_status":"open","ping_status":"open","sticky":false,"template":"template-post-central-photo.php","format":[],"meta":{"ns_seo_title":"Digital for Social: Un milione per il tuo progetto","ns_meta_description":"Scopri il bando Digital for Social, con un finanziamento di oltre un milione di euro per progetti innovativi nel terzo settore. Candidati entro il 20 dicembre!","ns_meta_keywords":"Digital for Social, fondazione Vodafone, bando progetti, terzo settore, finanziamento, innovazione sociale, associazioni, onlus","ns_format_proposto":0,"ns_tipologia_proposta":0,"ns_tag_proposti":[],"ns_argomento_proposto":0,"ns_categoria_proposta":0,"ns_check_query_entries":[],"ns_valutazione_query_keywords":[],"ns_pagespeed_results":[],"footnotes":""},"categories":[713],"tags":[],"tipologia":[],"argomento":[],"class_list":["post-8580","post","type-post","status-publish","format-standard","has-post-thumbnail","hentry","category-software"],"_links":{"self":[{"href":"https:\/\/www.teamartist.com\/blog\/wp-json\/wp\/v2\/posts\/8580","targetHints":{"allow":["GET"]}}],"collection":[{"href":"https:\/\/www.teamartist.com\/blog\/wp-json\/wp\/v2\/posts"}],"about":[{"href":"https:\/\/www.teamartist.com\/blog\/wp-json\/wp\/v2\/types\/post"}],"author":[{"embeddable":true,"href":"https:\/\/www.teamartist.com\/blog\/wp-json\/wp\/v2\/users\/4"}],"replies":[{"embeddable":true,"href":"https:\/\/www.teamartist.com\/blog\/wp-json\/wp\/v2\/comments?post=8580"}],"version-history":[{"count":"1","href":"https:\/\/www.teamartist.com\/blog\/wp-json\/wp\/v2\/posts\/8580\/revisions"}],"predecessor-version":[{"id":13160,"href":"https:\/\/www.teamartist.com\/blog\/wp-json\/wp\/v2\/posts\/8580\/revisions\/13160"}],"wp:featuredmedia":[{"embeddable":true,"href":"https:\/\/www.teamartist.com\/blog\/wp-json\/wp\/v2\/media\/8589"}],"wp:attachment":[{"href":"https:\/\/www.teamartist.com\/blog\/wp-json\/wp\/v2\/media?parent=8580"}],"wp:term":[{"taxonomy":"category","embeddable":true,"href":"https:\/\/www.teamartist.com\/blog\/wp-json\/wp\/v2\/categories?post=8580"},{"taxonomy":"post_tag","embeddable":true,"href":"https:\/\/www.teamartist.com\/blog\/wp-json\/wp\/v2\/tags?post=8580"},{"taxonomy":"tipologia","embeddable":true,"href":"https:\/\/www.teamartist.com\/blog\/wp-json\/wp\/v2\/tipologia?post=8580"},{"taxonomy":"argomento","embeddable":true,"href":"https:\/\/www.teamartist.com\/blog\/wp-json\/wp\/v2\/argomento?post=8580"},{"taxonomy":"format","embeddable":true,"href":"https:\/\/www.teamartist.com\/blog\/wp-json\/wp\/v2\/format?post=8580"}],"curies":[{"name":"wp","href":"https:\/\/api.w.org\/{rel}","templated":true}]}}