{"id":8505,"date":"2015-10-26T10:29:50","date_gmt":"2015-10-26T09:29:50","guid":{"rendered":"http:\/\/www.teamartist.com\/blog\/?p=8505"},"modified":"2022-05-05T15:37:48","modified_gmt":"2022-05-05T14:37:48","slug":"l-calcio-smette-di-andare-a-caccia-di-talenti-e-inizia-a-coltivarli-nascono-i-centri-federali","status":"publish","type":"post","link":"https:\/\/www.teamartist.com\/blog\/2015\/10\/26\/l-calcio-smette-di-andare-a-caccia-di-talenti-e-inizia-a-coltivarli-nascono-i-centri-federali\/","title":{"rendered":"Il calcio smette di andare a caccia di talenti e inizia a coltivarli: nascono i centri federali"},"content":{"rendered":"<p><span style=\"font-family: Verdana, sans-serif; color: #000000;\"><span style=\"font-size: medium;\"><b>Via libera a 70 centri federali<\/b>: il progetto messo a punto dal presidente Carlo Tavecchio e dal dg Michele Uva \u00e8 stato presentato ufficialmente gioved\u00ec 22 ottobre in occasione del consiglio federale.<\/span><\/span><\/p>\n<p align=\"CENTER\"><span style=\"font-family: Verdana, sans-serif; color: #000000;\"><span style=\"font-size: medium;\"><span style=\"color: #ff0000;\"><i>&#8220;In Italia ci sono 800.000 ragazzi under 17, \u00e8 arrivato il momento che qualcuno se ne accorga. Basta spese in Sudamerica&#8230;&#8221;<\/i><\/span>, disse tempo fa il presidente della Figc. <\/span><\/span><\/p>\n<p align=\"JUSTIFY\"><span style=\"font-family: Verdana, sans-serif; color: #000000;\"><span style=\"font-size: medium;\">E&#8217; stato fatto gi\u00e0 un buon lavoro, di cui si vedranno i frutti nei prossimi anni, con il presidente del settore giovanile e scolastico, Vito Tisci. Ora, ecco i centri federali, le scuole per i futuri talenti: Tavecchio ci teneva molto, faceva parte del suo programma elettorale. L&#8217;Italia si ispira alla Germania, il modello tedesco prevede 366 centri federali di base distribuiti su tutto il territorio, e ogni centro gestisce 30 club non professionistici.<\/span><\/span><\/p>\n<p align=\"JUSTIFY\"><span style=\"font-family: Verdana, sans-serif;\"><span style=\"font-size: medium;\"><span style=\"color: #000000;\"><b>In Italia in principio i centri federali per lo sviluppo del calcio giovanile saranno circa 70 e dovrebbero coprire ogni Regione: verranno utilizzate strutture gi\u00e0 esistenti della Lega Dilettanti<\/b>, oppure verranno affittati campi della Figc. <b>I ragazzi coinvolti avranno dai 12 ai 14 anni<\/b>, e saranno seguiti da tecnici di provata capacit\u00e0. <b>A regime, i centri saranno circa 200<\/b>. All&#8217;inizo verranno spesi circa 4 milioni di euro con il coinvolgimento futuro di sponsor: le cose, assicurano da via Allegri, verranno fatte nella massima trasparenza.<\/span> <span style=\"color: #ff0000;\"><b>Siamo in Italia, e si sa che quando girano i soldi rischiano di avvicinarsi i &#8220;furbetti del quartierino&#8221;<\/b><\/span>. <span style=\"color: #ff0000;\"><b>I centri saranno, giustamente, aperti anche alle ragazze<\/b><\/span>. <\/span><\/span><\/p>\n<p align=\"JUSTIFY\"><span style=\"font-family: Verdana, sans-serif; color: #000000;\"><span style=\"font-size: medium;\">L&#8217;Italia riparte dai giovani, con la speranza che in futuro i baby-talenti non scappino pi\u00f9. Altrimenti per le nostre Nazionali sarebbe davvero un dramma.<br \/>\nDeciso anche che in futuro ci dovrebbe essere<b> un&#8217;unica Lega, fra B ed ex serie C <\/b>(che assorbe 23 milioni di mutualit\u00e0). Il prossimo presidente della Lega Pro, quando si voter\u00e0, avr\u00e0 non poche problemi da risolvere.<\/span><\/span><\/p>\n<p align=\"JUSTIFY\"><span style=\"color: #000000;\"><span style=\"font-family: Verdana, sans-serif;\"><span style=\"font-size: medium;\">E mentre si inizia a buttare le basi dei centri federali in Italia per far crescere i giovani dilettanti, dall&#8217;Inghilterra arriva una storia che pu\u00f2 <\/span><\/span><span style=\"font-family: Verdana, sans-serif;\"><span style=\"font-size: medium;\"><b>essere d&#8217;ispirazione per tutti i giovani talenti che attualmente sognano solamente il salto nel calcio professionistico<\/b><\/span><\/span><span style=\"font-family: Verdana, sans-serif;\"><span style=\"font-size: medium;\">. Come molti dei nostri anche lui non aveva uno stipendio, al massimo ogni tanto riceveva un rimborso spese. E il ricordo non \u00e8 poi cos\u00ec lontano per <\/span><\/span><span style=\"font-family: Verdana, sans-serif;\"><span style=\"font-size: medium;\"><b>Jamie Vardy<\/b><\/span><\/span><span style=\"font-family: Verdana, sans-serif;\"><span style=\"font-size: medium;\">, che ora \u00e8 il capocannoniere della Premier League ed \u00e8 stato anche convocato nella nazionale inglese dal ct Roy Hodgson. Nel 2012, quando aveva gi\u00e0 venticinque anni, l\u2019attaccante del Leicester di Claudio Ranieri giocava <\/span><\/span><\/span><span style=\"color: #ff0000;\"><span style=\"font-family: Verdana, sans-serif;\"><span style=\"font-size: medium;\"><b>nel campionato \u201cConference\u201d, in quinta categoria, che in Italia corrisponde all\u2019Eccellenza. Era un calciatore dilettante.<\/b><\/span><\/span><\/span><\/p>\n<p align=\"JUSTIFY\"><span style=\"color: #000000;\"><span style=\"font-family: Verdana, sans-serif;\"><span style=\"font-size: medium;\">Vardy, in quel periodo, era un tesserato del Fletwood Town. Adesso \u00e8 in prima pagina, ma il sentiero per uscire dall\u2019anonimato \u00e8 stato lungo e complicato. Ha rischiato di rimanere ai margini. Una corsa a ostacoli, lenta e faticosa. <b>Classe 1987, ha trovato prestigio e applausi solo ora che ha ventotto anni<\/b>. La svolta \u00e8 legata all\u2019estate del 2012, quando i dirigenti del Leicester decidono di concedergli un\u2019opportunit\u00e0, dopo averlo scoperto nel Fletwood Town: per il suo cartellino spendono un milione e duecentomila sterline. Una cifra giustificata dai numeri di Vardy: trentuno gol in trentasei partite in \u201cConference\u201d, nella stagione 2011-12. Cos\u00ec arriva il salto nei professionisti e l\u2019ingresso in Championship, la serie B inglese.<\/span><\/span><\/span><\/p>\n<p align=\"JUSTIFY\"><span style=\"color: #000000;\"><span style=\"font-family: Verdana, sans-serif;\"><span style=\"font-size: medium;\"><b>Nel 2011 \u00e8 passato al Fletwood per trentacinquemila euro. Nel 2015 invece ha esordito nella nazionale inglese, entrando al posto di Rooney<\/b> a un quarto d\u2019ora dalla fine, durante l\u2019amichevole con l\u2019Irlanda (0-0).<\/span><\/span><\/span><\/p>\n<p align=\"JUSTIFY\"><span style=\"color: #1f1f1f;\"><span style=\"font-family: Verdana, sans-serif;\"><span style=\"font-size: medium;\"><span style=\"color: #000000;\">Speriamo che<\/span> <span style=\"color: #ff0000;\"><b>con i nuovi centri federali ci capiti sempre pi\u00f9 spesso di raccontare storie come quella di Vardy anche qui nel Belpaese<\/b><\/span>, <span style=\"color: #000000;\">ovviamente mentre si segue la crescita dei nostri giovani nell&#8217;attesa che diventino le prossime stelle della Serie A.<\/span><\/span><\/span><\/span><\/p>\n","protected":false},"excerpt":{"rendered":"<p>Via libera a 70 centri federali: il progetto messo a punto dal presidente Carlo Tavecchio e dal dg Michele Uva \u00e8 stato presentato ufficialmente gioved\u00ec 22 ottobre in occasione del consiglio federale. &#8220;In Italia ci sono 800.000 ragazzi under 17, \u00e8 arrivato il momento che qualcuno se ne accorga. Basta spese in Sudamerica&#8230;&#8221;, disse tempo [&hellip;]<\/p>\n","protected":false},"author":4,"featured_media":8506,"comment_status":"open","ping_status":"open","sticky":false,"template":"template-post-central-photo.php","format":[],"meta":{"ns_seo_title":"Il calcio italiano e i centri federali per talenti","ns_meta_description":"Scopri come i nuovi centri federali in Italia puntano a coltivare talenti giovanili e a migliorare il futuro del calcio nazionale.","ns_meta_keywords":"calcio, centri federali, giovani talenti, Italia, Figc, sviluppo giovanile, sport, calcio giovanile","ns_format_proposto":0,"ns_tipologia_proposta":0,"ns_tag_proposti":[],"ns_argomento_proposto":0,"ns_categoria_proposta":0,"ns_check_query_entries":[],"ns_valutazione_query_keywords":[],"ns_pagespeed_results":[],"footnotes":""},"categories":[735],"tags":[],"tipologia":[],"argomento":[],"class_list":["post-8505","post","type-post","status-publish","format-standard","has-post-thumbnail","hentry","category-corsi"],"_links":{"self":[{"href":"https:\/\/www.teamartist.com\/blog\/wp-json\/wp\/v2\/posts\/8505","targetHints":{"allow":["GET"]}}],"collection":[{"href":"https:\/\/www.teamartist.com\/blog\/wp-json\/wp\/v2\/posts"}],"about":[{"href":"https:\/\/www.teamartist.com\/blog\/wp-json\/wp\/v2\/types\/post"}],"author":[{"embeddable":true,"href":"https:\/\/www.teamartist.com\/blog\/wp-json\/wp\/v2\/users\/4"}],"replies":[{"embeddable":true,"href":"https:\/\/www.teamartist.com\/blog\/wp-json\/wp\/v2\/comments?post=8505"}],"version-history":[{"count":"1","href":"https:\/\/www.teamartist.com\/blog\/wp-json\/wp\/v2\/posts\/8505\/revisions"}],"predecessor-version":[{"id":13176,"href":"https:\/\/www.teamartist.com\/blog\/wp-json\/wp\/v2\/posts\/8505\/revisions\/13176"}],"wp:featuredmedia":[{"embeddable":true,"href":"https:\/\/www.teamartist.com\/blog\/wp-json\/wp\/v2\/media\/8506"}],"wp:attachment":[{"href":"https:\/\/www.teamartist.com\/blog\/wp-json\/wp\/v2\/media?parent=8505"}],"wp:term":[{"taxonomy":"category","embeddable":true,"href":"https:\/\/www.teamartist.com\/blog\/wp-json\/wp\/v2\/categories?post=8505"},{"taxonomy":"post_tag","embeddable":true,"href":"https:\/\/www.teamartist.com\/blog\/wp-json\/wp\/v2\/tags?post=8505"},{"taxonomy":"tipologia","embeddable":true,"href":"https:\/\/www.teamartist.com\/blog\/wp-json\/wp\/v2\/tipologia?post=8505"},{"taxonomy":"argomento","embeddable":true,"href":"https:\/\/www.teamartist.com\/blog\/wp-json\/wp\/v2\/argomento?post=8505"},{"taxonomy":"format","embeddable":true,"href":"https:\/\/www.teamartist.com\/blog\/wp-json\/wp\/v2\/format?post=8505"}],"curies":[{"name":"wp","href":"https:\/\/api.w.org\/{rel}","templated":true}]}}