{"id":7832,"date":"2015-02-17T15:10:25","date_gmt":"2015-02-17T14:10:25","guid":{"rendered":"http:\/\/www.teamartist.com\/blog\/?p=7832"},"modified":"2022-05-05T15:40:39","modified_gmt":"2022-05-05T14:40:39","slug":"la-corte-dei-conti-contro-le-federazioni-sportive-devono-entrare-nellistat","status":"publish","type":"post","link":"https:\/\/www.teamartist.com\/blog\/2015\/02\/17\/la-corte-dei-conti-contro-le-federazioni-sportive-devono-entrare-nellistat\/","title":{"rendered":"La Corte dei Conti contro le Federazioni Sportive: &#8220;Devono entrare nell&#8217;Istat&#8221;"},"content":{"rendered":"<p>La procura generale presso la Corte dei Conti ha stabilito\u00a0che le Federazioni Sportive Nazionali\u00a0<strong>devono<\/strong> <strong>essere considerate amministrazioni pubbliche<\/strong> e come tali devono essere inserite negli elenchi Istat;\u00a0quindi\u00a0ancheper loro devono valere le stesse ragioni di spending review (austerity interna) applicate a tutta la pubblica amministrazione sin dal 2012<br \/>\n<a href=\"https:\/\/www.repubblica.it\/sport\/2015\/02\/03\/news\/istat_federazioni_corte_dei_conti-106454886\/?ref=HREC1-16\" rel=\"nofollow noopener noreferrer\" target=\"_blank\"><em class=\"author\">di CORRADO ZUNINO<\/em><\/a><\/p>\n<p><a href=\"https:\/\/www.repubblica.it\/sport\/2015\/02\/03\/news\/istat_federazioni_corte_dei_conti-106454886\/\" rel=\"nofollow noopener noreferrer\" target=\"_blank\">estratto da Repubblica.it<\/a><\/p>\n<p><strong>ROMA <\/strong>&#8211; La questione \u00e8 importante e definir\u00e0 il futuro economico (e, a ricasco, sportivo) delle 45 federazioni italiane a cui la legge Melandri nel 2009 regal\u00f2 l&#8217;abito di &#8220;<em>associazioni con personalit\u00e0 giuridica di diritto privato<\/em>&#8220;. A partire dal 2006 l&#8217;Istat ha inserito le federazioni sportive, che rispondono tutte al CONI <em>Comitato olimpico nazionale<\/em>, negli elenchi delle amministrazioni pubbliche.<\/p>\n<p><strong>Se la tesi dell&#8217;accusa sar\u00e0 fatta propria dalle prossime sentenze, le federazioni dovranno stravolgere la loro organizzazione interna e iniziare a produrre fatture elettroniche, dovranno cambiare i criteri di contabilit\u00e0, riordinare la disciplina interna su pubblicit\u00e0 e obbligo di trasparenza, partecipare alla piattaforma di certificazione dei crediti. Soprattutto, dovranno fare propri i limiti di spesa per trasferte, convegni, mostre, sponsorizzazioni, noleggi d&#8217;auto e costi d&#8217;albergo. &#8220;Con le nuove regole non potremo pi\u00f9 prendere un taxi&#8221;, assicura un presidente di federazione. Nelle carte della procura, tuttavia, si trovano diversi esempi di sprechi e costi fuori controllo.<\/strong><\/p>\n<p>Secondo la procura della Corte dei conti, la prova regina che consente di definire &#8220;pubbliche&#8221; le federazioni \u00e8 data dal cosiddetto test market, ovvero la verifica della quota di contributi pubblici sul fatturato totale. Tutte le federazioni sportive hanno una percentuale preponderante di finanziamenti di Stato e di enti locali rispetto agli introiti interni. Per esempio, la Federmoto indica in <strong>11\u00a0milioni<\/strong> i &#8220;proventi autofinanziati&#8221; e sono: &#8220;Affiliazione e tesseramento&#8221; (<strong>5,8 milioni<\/strong>), &#8220;licenze&#8221; (<strong>2,6 milioni<\/strong>), &#8220;tasse&#8221; (<strong>2,4 milioni in totale<\/strong>). Per la procura questi undici milioni sono &#8220;chiaramente di origine pubblicistica&#8221; e concorrono con i 4,1 milioni di contribuzione diretta del Coni a formare il 75%\u00a0delle entrate Fim. Discorso analogo per la Federazione cronometristi dove dei 2,4 milioni di valore della produzione annuale solo 10.785 euro sono ricavi da pubblicit\u00e0 e sponsorizzazioni, un&#8217;inezia.<\/p>\n<p>Per ora, grazie a una proroga di governo, le federazioni sportive italiane non sono state inserite nell&#8217;elenco Istat: tutto \u00e8 rimandato al gennaio 2016, dopo le Olimpiadi di Rio. Le sentenze delle prossime settimane, per\u00f2, faranno giurisprudenza e oggi l&#8217;accusa della Corte dei conti chiede che le federazioni siano &#8220;legittimamente incluse&#8221; nell&#8217;elenco Istat 2014. Il presidente del Coni, Giovanni Malag\u00f2, sostiene preoccupato: &#8220;Con questo inserimento il nostro mondo sarebbe messo in seria difficolt\u00e0 operativa&#8221;.<\/p>\n<p><a href=\"https:\/\/www.repubblica.it\/sport\/2015\/02\/03\/news\/istat_federazioni_corte_dei_conti-106454886\/\" rel=\"nofollow noopener noreferrer\" target=\"_blank\">(&#8230;) vai al link originale<\/a><\/p>\n","protected":false},"excerpt":{"rendered":"<p>La questione \u00e8 importante e definir\u00e0 il futuro economico (e, a ricasco, sportivo) delle 45 federazioni italiane a cui la legge Melandri nel 2009 regal\u00f2 l&#8217;abito di &#8220;associazioni con personalit\u00e0 giuridica di diritto privato&#8221;. <\/p>\n","protected":false},"author":4,"featured_media":7869,"comment_status":"open","ping_status":"open","sticky":false,"template":"template-post-central-photo.php","format":[],"meta":{"ns_seo_title":"Corte dei Conti: Federazioni Sportive nell'Istat","ns_meta_description":"La Corte dei Conti richiede che le Federazioni Sportive siano incluse nell'Istat, portando a cambiamenti nella gestione e spesa pubblica.","ns_meta_keywords":"Corte dei Conti, Federazioni Sportive, Istat, spesa pubblica, spending review, CONI, legge Melandri","ns_format_proposto":0,"ns_tipologia_proposta":0,"ns_tag_proposti":[],"ns_argomento_proposto":0,"ns_categoria_proposta":0,"ns_check_query_entries":[],"ns_valutazione_query_keywords":[],"ns_pagespeed_results":[],"footnotes":""},"categories":[735],"tags":[],"tipologia":[],"argomento":[],"class_list":["post-7832","post","type-post","status-publish","format-standard","has-post-thumbnail","hentry","category-corsi"],"_links":{"self":[{"href":"https:\/\/www.teamartist.com\/blog\/wp-json\/wp\/v2\/posts\/7832","targetHints":{"allow":["GET"]}}],"collection":[{"href":"https:\/\/www.teamartist.com\/blog\/wp-json\/wp\/v2\/posts"}],"about":[{"href":"https:\/\/www.teamartist.com\/blog\/wp-json\/wp\/v2\/types\/post"}],"author":[{"embeddable":true,"href":"https:\/\/www.teamartist.com\/blog\/wp-json\/wp\/v2\/users\/4"}],"replies":[{"embeddable":true,"href":"https:\/\/www.teamartist.com\/blog\/wp-json\/wp\/v2\/comments?post=7832"}],"version-history":[{"count":"1","href":"https:\/\/www.teamartist.com\/blog\/wp-json\/wp\/v2\/posts\/7832\/revisions"}],"predecessor-version":[{"id":13303,"href":"https:\/\/www.teamartist.com\/blog\/wp-json\/wp\/v2\/posts\/7832\/revisions\/13303"}],"wp:featuredmedia":[{"embeddable":true,"href":"https:\/\/www.teamartist.com\/blog\/wp-json\/wp\/v2\/media\/7869"}],"wp:attachment":[{"href":"https:\/\/www.teamartist.com\/blog\/wp-json\/wp\/v2\/media?parent=7832"}],"wp:term":[{"taxonomy":"category","embeddable":true,"href":"https:\/\/www.teamartist.com\/blog\/wp-json\/wp\/v2\/categories?post=7832"},{"taxonomy":"post_tag","embeddable":true,"href":"https:\/\/www.teamartist.com\/blog\/wp-json\/wp\/v2\/tags?post=7832"},{"taxonomy":"tipologia","embeddable":true,"href":"https:\/\/www.teamartist.com\/blog\/wp-json\/wp\/v2\/tipologia?post=7832"},{"taxonomy":"argomento","embeddable":true,"href":"https:\/\/www.teamartist.com\/blog\/wp-json\/wp\/v2\/argomento?post=7832"},{"taxonomy":"format","embeddable":true,"href":"https:\/\/www.teamartist.com\/blog\/wp-json\/wp\/v2\/format?post=7832"}],"curies":[{"name":"wp","href":"https:\/\/api.w.org\/{rel}","templated":true}]}}