{"id":4238,"date":"2013-07-10T14:55:55","date_gmt":"2013-07-10T13:55:55","guid":{"rendered":"http:\/\/www.teamartist.com\/blog\/?p=4238"},"modified":"2022-05-05T15:58:00","modified_gmt":"2022-05-05T14:58:00","slug":"sequestrati-beni-per-800mila-euro-allanpas-lombardia-giornata-nera-per-le-onlus","status":"publish","type":"post","link":"https:\/\/www.teamartist.com\/blog\/2013\/07\/10\/sequestrati-beni-per-800mila-euro-allanpas-lombardia-giornata-nera-per-le-onlus\/","title":{"rendered":"Sequestrati beni per 800mila euro all&#8217;Anpas Lombardia. Giornata nera per le ONLUS"},"content":{"rendered":"<p>Qui di seguito il testo dell&#8217;articolo apparso su MilanoToday.<\/p>\n<p><b><\/b><em><strong>&#8220;I militari della guardia di finanza di Milano<\/strong>\u00a0hanno sequestrato\u00a0<strong>beni mobili e immobili per circa 800 mila euro<\/strong>\u00a0al Presidente e al Direttore dell&#8217;Anpas Lombardia, l&#8217;associazione che gestisce le ambulanze, indagati per falso e peculato nell&#8217;ambito di un&#8217;inchiesta coordinata dal procuratore aggiunto di Milano Alfredo Robledo e dal pm Letizia Mannella.<\/em><\/p>\n<p><em><strong>Il sequestro preventivo di beni mobili<\/strong>\u00a0e di disponibilit\u00e0 finanziarie \u00e8 stato disposto dal gip Maria Grazia Domanico nell&#8217;ambito di un&#8217;indagine con cui \u00e8 stato accertato che Ampollini e Mori avrebbero falsamente attestato i requisiti necessari per il mantenimento dell&#8217;iscrizione annuale dell&#8217;associazione nel registro regionale del volontariato e si sarebbero appropriati esattamente di 775 mila euro, in danno di varie aziende ospedaliere, trattenendoli per conto della stessa Anpas Lombardia a titolo di oneri di rendicontazione per gli anni 2008 e 2011.<\/em><\/p>\n<p><em><strong>Ma dall&#8217;inchiesta \u00e8 anche venuto a galla<\/strong>\u00a0che il presidente si sarebbe appropriato indebitamente di tre autovetture, anch&#8217;esse sequestrate, concedendole poi in uso ad alcuni dipendenti dell&#8217;Anpas lombarda.<\/em><\/p>\n<p><em><b><\/b><strong>Nell&#8217;ambito della stessa operazione<\/strong>\u00a0le fiamme gialle hanno gi\u00e0 sequestrato beni mobili e immobili per oltre mezzo milione. Questo filone di indagine \u00e8 lo sviluppo dell&#8217;inchiesta che nell&#8217;ottobre 2011 aveva portato in carcere, con le accuse di falso e peculato, l&#8217;allora presidente della Croce Ambrosiana.<\/em>\u201c<\/p>\n<p>Noi siamo garantisti fino all&#8217;ultimo minuto e ci pare opportuno segnalare la lettera inviata nel merito dai vertici dell&#8217;Anpas stesso:<\/p>\n<p>&#8220;<em>La stampa nel dare notizia del sequestro avvenuto ieri in ANPAS LOMBARDIA ha usato titoli scandalistici per un atto che ha alla base l\u2019affermazione, fatta propria dalla magistratura, che\u00a0<strong>ANPAS LOMBARDIA non ha Volontari !!!<\/strong>\u00a0disconoscendo l\u2019apporto che ognuno di Voi quotidianamente d\u00e0 alle nostre attivit\u00e0.Questo \u00e8 il falso di cui noi siamo accusati.<\/em><\/p>\n<p><em>In relazione ai \u201ccosiddetti\u201d benefit (tre auto e tre cellulari), altro non sono che gli\u00a0<strong>strumenti dati in dotazione<\/strong>\u00a0a personale per svolgere e dare servizio sia per l\u2019attivit\u00e0 quotidiana che extra quotidiana sia in orari di ufficio che al di fuori e che consente in qualsiasi momento e orario a Voi e ai Vostri Responsabili di poterli contattare per qualsiasi necessit\u00e0 o esigenza.<\/em><\/p>\n<p><em>Da ultimo i 775.000,00 euro citati dalla stampa sono soldi bloccati sui conti di ANPAS LOMBARDIA derivanti da versamenti effettuati recentemente dalle Aziende Ospedaliere e destinati in parte alle Associazioni. L\u2019importo \u00e8 stato determinato con riferimento agli oneri di rendicontazione, costi sostenuti direttamente da ANPAS LOMBARDIA per le rendicontazioni e il supporto alle Associazioni, incassati per gli anni 2008 e 2011 e previsti dalla delibera Regionale VI\/45819 del 22.10.1999.<\/em><\/p>\n<p><em><strong>Somme dettagliatamente esposte da ANPAS LOMBARDIA sia in bilancio che in un prospetto messo a disposizione dell\u2019Autorit\u00e0 Giudiziaria<\/strong>.<\/em><\/p>\n<p><strong><em>Il testo del decreto di sequestro evidenzia, a differenza dei titoli della stampa, che non vi \u00e8 alcuna appropriazione personale da parte del presidente Maurizio Ampollini e del direttore Ezio Mori.<\/em>&#8220;<\/strong><\/p>\n<p>Le versioni, come potete capire, sono molto diverse. Vedremo cosa stabiliranno i Giudici. Nel frattempo, a rimetterci \u00e8 l&#8217;immagine stessa del volontariato in Italia.<\/p>\n<address><strong>Damiano Dalerba\u00a0<\/strong>&amp;<strong>\u00a0Stefano Cabot<\/strong><em>Direttori area noprofit di TeamArtist<\/em><\/p>\n<p>&nbsp;<\/p>\n<p><strong>HAI ANCORA DEI DUBBI?<\/strong>\u00a0<strong>Scrivici<strong>\u00a0qui di seguito\u00a0<\/strong>i tuoi QUESITI (facendo un ELENCO NUMERATO di tutte le tue domande) e ti risponderemo GRATUITAMENTE dandoti la precedenza SE (ci vogliono solo\u00a0<\/strong><strong>30 secondi):\u00a0<\/strong><\/p>\n<p><em><strong>1.<\/strong>\u00a0avrai\u00a0<strong>m<\/strong><b>esso &#8220;MI PIACE&#8221;<\/b>\u00a0sulla nostra\u00a0<b>pagina Facebook:\u00a0 <\/b><em><a href=\"https:\/\/www.facebook.com\/TeamArtist.Italy\" target=\"_blank\" rel=\"noopener nofollow noreferrer\">https:\/\/www.facebook.com\/TeamArtist.Italy<\/a><\/em><\/em><\/p>\n<p><em><b>2.<\/b>\u00a0avrai portato il mouse sopra il pulsante &#8220;TI PIACE&#8221; e\u00a0<strong>selezionato &#8220;AGGIUNGI ALLE \u00a0LISTE DEGLI INTERESSI&#8221;<\/strong>. Solo cos\u00ec\u00a0<b>continuerai a ricevere<\/b>\u00a0tutti i nostri aggiornamenti\u00a0(senza far ci\u00f2 non vedrai circa il 60% di ci\u00f2 che pubblicheremo!)<\/em><\/p>\n<p><em><b>3.<\/b>\u00a0ci avrai<b>\u00a0chiesto l&#8217;amicizia<\/b>.\u00a0<a href=\"https:\/\/b5x2g.s45.it\/frontend\/track.aspx?url=https:\/\/b5x2g.s45.it\/f\/tr.aspx\/:rQS$:08Um6i=or\/r\/y--.c=ov1ylda=bfkb1vnnil97749:rQS*:af:4:adnAhma905t0f.-haebgi7.fNCLM\" target=\"_blank\" rel=\"noopener nofollow noreferrer\">Clicca qui:\u00a0https:\/\/www.facebook.com\/Associazioninonprofit<\/a>.<\/em><\/p>\n<\/address>\n","protected":false},"excerpt":{"rendered":"<p>I militari della guardia di finanza di Milano hanno sequestrato beni mobili e immobili per circa 800 mila euro al Presidente e al Direttore dell&#8217;Anpas Lombardia, l&#8217;associazione che gestisce le ambulanze, indagati per falso e peculato nell&#8217;ambito di un&#8217;inchiesta coordinata dal procuratore aggiunto di Milano Alfredo Robledo e dal pm Letizia Mannella.<\/p>\n","protected":false},"author":8,"featured_media":4240,"comment_status":"open","ping_status":"open","sticky":false,"template":"template-post-central-photo.php","format":[],"meta":{"ns_seo_title":"Sequestri Anpas Lombardia: beni per 800mila euro","ns_meta_description":"Sequestrati beni per 800mila euro all'Anpas Lombardia, coinvolti presidente e direttore in un'inchiesta per falso e peculato. Leggi tutti i dettagli.","ns_meta_keywords":"Anpas Lombardia, sequestri, beni, falso, peculato, volontariato, Milano, indagine","ns_format_proposto":0,"ns_tipologia_proposta":0,"ns_tag_proposti":[],"ns_argomento_proposto":0,"ns_categoria_proposta":0,"ns_check_query_entries":[],"ns_valutazione_query_keywords":[],"ns_pagespeed_results":[],"footnotes":""},"categories":[735],"tags":[],"tipologia":[],"argomento":[],"class_list":["post-4238","post","type-post","status-publish","format-standard","has-post-thumbnail","hentry","category-corsi"],"_links":{"self":[{"href":"https:\/\/www.teamartist.com\/blog\/wp-json\/wp\/v2\/posts\/4238","targetHints":{"allow":["GET"]}}],"collection":[{"href":"https:\/\/www.teamartist.com\/blog\/wp-json\/wp\/v2\/posts"}],"about":[{"href":"https:\/\/www.teamartist.com\/blog\/wp-json\/wp\/v2\/types\/post"}],"author":[{"embeddable":true,"href":"https:\/\/www.teamartist.com\/blog\/wp-json\/wp\/v2\/users\/8"}],"replies":[{"embeddable":true,"href":"https:\/\/www.teamartist.com\/blog\/wp-json\/wp\/v2\/comments?post=4238"}],"version-history":[{"count":"1","href":"https:\/\/www.teamartist.com\/blog\/wp-json\/wp\/v2\/posts\/4238\/revisions"}],"predecessor-version":[{"id":13367,"href":"https:\/\/www.teamartist.com\/blog\/wp-json\/wp\/v2\/posts\/4238\/revisions\/13367"}],"wp:featuredmedia":[{"embeddable":true,"href":"https:\/\/www.teamartist.com\/blog\/wp-json\/wp\/v2\/media\/4240"}],"wp:attachment":[{"href":"https:\/\/www.teamartist.com\/blog\/wp-json\/wp\/v2\/media?parent=4238"}],"wp:term":[{"taxonomy":"category","embeddable":true,"href":"https:\/\/www.teamartist.com\/blog\/wp-json\/wp\/v2\/categories?post=4238"},{"taxonomy":"post_tag","embeddable":true,"href":"https:\/\/www.teamartist.com\/blog\/wp-json\/wp\/v2\/tags?post=4238"},{"taxonomy":"tipologia","embeddable":true,"href":"https:\/\/www.teamartist.com\/blog\/wp-json\/wp\/v2\/tipologia?post=4238"},{"taxonomy":"argomento","embeddable":true,"href":"https:\/\/www.teamartist.com\/blog\/wp-json\/wp\/v2\/argomento?post=4238"},{"taxonomy":"format","embeddable":true,"href":"https:\/\/www.teamartist.com\/blog\/wp-json\/wp\/v2\/format?post=4238"}],"curies":[{"name":"wp","href":"https:\/\/api.w.org\/{rel}","templated":true}]}}