{"id":2515,"date":"2013-01-25T13:07:13","date_gmt":"2013-01-25T12:07:13","guid":{"rendered":"http:\/\/www.teamartist.com\/blog\/?p=2515"},"modified":"2022-05-05T14:04:35","modified_gmt":"2022-05-05T13:04:35","slug":"aps-associazioni-promozione-sociale-registro-nazionale-link","status":"publish","type":"post","link":"https:\/\/www.teamartist.com\/blog\/2013\/01\/25\/aps-associazioni-promozione-sociale-registro-nazionale-link\/","title":{"rendered":"Elenco ragionato e link di tutte le Associazioni di Promozione Sociale iscritte nel registro nazionale"},"content":{"rendered":"<p>C&#8217;\u00e8 voluto del tempo! Ma finalmente abbiamo concluso quest&#8217;opera titanica che nessuno prima di noi aveva ancora avuto il coraggio di fare: <strong>l&#8217;elenco ragionato (cio\u00e8 suddiviso per ambiti e non alla rinfusa) di tutte le APS (Associazioni di Promozione Sociale) iscritte al registro Nazionale, con tutti i link per arrivare ai loro siti istituzionali!<\/strong> A cosa serve?<\/p>\n<p>Semplice, l&#8217;unione fa la forza ed oggi essere una piccola Associazione non affiliata ad una Associazione Nazionale significa essere deboli, isolati, non potersi confrontare, non godere delle convenzioni nazionali, perdere un sacco di vantaggi&#8230; etc etc. Dovete immaginare che per ogni area di interesse probabilmente c&#8217;\u00e8 gi\u00e0 una Associazione Nazionale con altri volontari come voi, che hanno i vostri stessi problemi e che magari hanno gi\u00e0 trovato delle valide soluzioni.<\/p>\n<p><strong>Il nostro lavoro quindi serve a questo: conoscetevi e affiliatevi!<\/strong> Un nuovo mondo potrebbe aprirsi davanti a voi! Oppure diventate voi stessi una APS nazionale.<a title=\"Il registro nazionale delle APS. Cos\u2019\u00e8? Quali vantaggi offre? Come ci si iscrive?\" href=\"https:\/\/www.teamartist.com\/blog\/2012\/11\/23\/iscrizione-registro-nazionale-associazioni-promozione-sociale\/\"> Leggete qui come.<\/a><\/p>\n<p>PS: Alcune Associazioni le abbiamo inserite in un ambito a nostro giudizio: se ritenete che andrebbero spostate in altro ambito ditecelo pure!<\/p>\n<p><span style=\"font-size: medium;\"><strong>Macro ambito sportivo<\/strong><\/span><\/p>\n<ol>\n<li><a href=\"https:\/\/www.uisp.it\/nazionale\/\" target=\"_blank\" rel=\"noopener nofollow noreferrer\">U.I.S.P. &#8211; Unione Italiana Sport per Tutti<\/a><\/li>\n<li><a href=\"https:\/\/www.libertasnazionale.it\/\" target=\"_blank\" rel=\"noopener nofollow noreferrer\">C.N.S. Libertas &#8211; Centro Nazionale Sportivo Libertas<\/a><\/li>\n<li><a href=\"https:\/\/www.alleanzasportiva.it\/\" target=\"_blank\" rel=\"noopener nofollow noreferrer\">A.S.I. &#8211; Alleanza sportiva italiana <\/a><\/li>\n<li><a href=\"https:\/\/www.csi-net.it\/\" target=\"_blank\" rel=\"noopener nofollow noreferrer\">C.S.I. &#8211; Centro Sportivo Italiano<\/a><\/li>\n<li><a href=\"https:\/\/www.aics.it\/\" target=\"_blank\" rel=\"noopener nofollow noreferrer\">A.I.C.S. &#8211; Associazione Italiana Cultura e Sport <\/a><\/li>\n<li><a href=\"https:\/\/www.acsi.it\/\" target=\"_blank\" rel=\"noopener nofollow noreferrer\">A.C.S.I. &#8211; Associazione centri sportivi italiani<\/a><\/li>\n<li><a href=\"https:\/\/www.usacliroma.it\/UsacliRoma2008\/\" target=\"_blank\" rel=\"noopener nofollow noreferrer\">U.S. ACLI Roma &#8211; Unione Sportiva ACLI<\/a><\/li>\n<li><a href=\"https:\/\/www.mspitalia.it\/\" target=\"_blank\" rel=\"noopener nofollow noreferrer\">M.S.P. Italia &#8211; Movimento Sport Popolare Italia<\/a><\/li>\n<li><a href=\"https:\/\/www.pgsitalia.org\/\" rel=\"nofollow noopener noreferrer\" target=\"_blank\">P.G.S. &#8211; Polisportive Giovanili Salesiane<\/a><\/li>\n<li><a href=\"https:\/\/www.csen.it\/\" target=\"_blank\" rel=\"noopener nofollow noreferrer\">C.S.E.N. &#8211; Centro Sportivo Educativo Nazionale<\/a><\/li>\n<li><a href=\"https:\/\/www.cusi.it\/SITO\/index.php\" rel=\"nofollow noopener noreferrer\" target=\"_blank\">C.U.S.I. &#8211; Centro Universitario Sportivo Italiano<\/a><\/li>\n<li><a href=\"https:\/\/www.salesianiperlosport.org\/\" target=\"_blank\" rel=\"noopener nofollow noreferrer\">CNOS SPORT<\/a><\/li>\n<li><a href=\"https:\/\/www.unvs.it\/\" target=\"_blank\" rel=\"noopener nofollow noreferrer\">U.N.V.S. Unione Nazionale Veterani dello Sport <\/a><\/li>\n<li><a href=\"https:\/\/www.sport-educazione.it\/\" rel=\"nofollow noopener noreferrer\" target=\"_blank\">A.I.S.E. &#8211; Associazione Italiana Sport Educazione <\/a><\/li>\n<li><a href=\"https:\/\/www.arcipescafisa.it\/\" target=\"_blank\" rel=\"noopener nofollow noreferrer\">ARCIPESCA F.I.S.A. &#8211; Federazione Italiana Sport ed Ambiente<\/a><\/li>\n<li><a href=\"https:\/\/sef-italia.wpsport.com\/\" target=\"_blank\" rel=\"noopener nofollow noreferrer\">S.E.F. ITALIA &#8211; Scuola Equestre di Formazione<\/a><\/li>\n<li><a href=\"https:\/\/portale.fipsas.it\/\" target=\"_blank\" rel=\"noopener nofollow noreferrer\"> F.I.P.S.A.S. &#8211; Federazione Italiana Pesca Sportiva ed Attivit\u00e0 Subacquee<\/a><\/li>\n<li><a href=\"https:\/\/www.eurosportitalia.it\/\" target=\"_blank\" rel=\"noopener nofollow noreferrer\">Associazione Eurosport <\/a><\/li>\n<\/ol>\n<p>&nbsp;<\/p>\n<p><span style=\"font-size: medium;\"><strong>Macro ambito Ricreativo<\/strong><\/span><\/p>\n<ol>\n<li><a href=\"https:\/\/www.arci.it\/\" target=\"_blank\" rel=\"noopener nofollow noreferrer\">A.R.C.I. &#8211; Associazione Ricreativa e Culturale Italiana<\/a><\/li>\n<li>\n<p align=\"LEFT\"><a href=\"https:\/\/www.fitel.it\/Objects\/Home1.asp\" target=\"_blank\" rel=\"noopener nofollow noreferrer\">F.I.Te.L. &#8211; Federazione Italiana Tempo Libero<\/a><\/p>\n<\/li>\n<li><a href=\"https:\/\/www.acli.it\/index.php\" target=\"_blank\" rel=\"noopener nofollow noreferrer\">A.C.L.I. &#8211; Associazioni Cristiane Lavoratori Italiani<\/a><\/li>\n<li><a href=\"https:\/\/www.endas.it\/htm\/ita\/home.html\" target=\"_blank\" rel=\"noopener nofollow noreferrer\">E.N.D.A.S. &#8211; Ente Nazionale Democratico di Azione Sociale <\/a><\/li>\n<li><a href=\"https:\/\/www.assocral.org\/\" target=\"_blank\" rel=\"noopener nofollow noreferrer\">ASSOCRAL<\/a><\/li>\n<li><a href=\"https:\/\/www.cdo.org\/\" target=\"_blank\" rel=\"noopener nofollow noreferrer\">C.D.O. &#8211; Compagnia delle Opere<\/a><\/li>\n<li><a href=\"https:\/\/www.ancescao.it\/\" target=\"_blank\" rel=\"noopener nofollow noreferrer\">A.N.Ce.S.C.A.O. &#8211; Associazione Nazionale Centri Sociali, Comitati Anziani e Orti<\/a><\/li>\n<li><a href=\"https:\/\/www.uilt.it\/\" target=\"_blank\" rel=\"noopener nofollow noreferrer\">U.I.L.T. &#8211; Unione Italiana Libero Teatro<\/a><\/li>\n<li><a href=\"https:\/\/www.trekkingitalia.org\/\" target=\"_blank\" rel=\"noopener nofollow noreferrer\">Trekking Italia \u2013 Associazione amici del trekking e della natura<\/a><\/li>\n<li><a href=\"https:\/\/www.feniarco.it\/\" target=\"_blank\" rel=\"noopener nofollow noreferrer\">FE.N.I.A.R.CO. &#8211; Federazione Nazionale Italiana delle Associazioni Regionali Corali<\/a><\/li>\n<li><a href=\"https:\/\/www.confederazioneperlalirica.it\/pagina.asp?lingua=ITA&amp;gruppo=1&amp;categoria=100\" target=\"_blank\" rel=\"noopener nofollow noreferrer\">Associazione\u00a0 &#8220;Confederazione Italiana Associazioni e Fondazioni per la Musica Lirica e Sinfonica&#8221; <\/a><\/li>\n<li><a href=\"https:\/\/www.ucca.it\/\" target=\"_blank\" rel=\"noopener nofollow noreferrer\">U.C.C.A. &#8211; Unione Circoli Cinematografici ARCI<\/a><\/li>\n<li><a href=\"https:\/\/www.unitre.net\/\" target=\"_blank\" rel=\"noopener nofollow noreferrer\"> UNITRE &#8211; Associazione Nazionale delle Universit\u00e0 della Terza Et\u00e0<\/a><\/li>\n<li><a href=\"https:\/\/associanimazione.org\/\" target=\"_blank\" rel=\"noopener nofollow noreferrer\">AssociAnimazione &#8211; Associazione Nazionale per l&#8217;Animazione Sociale e Culturale<\/a><\/li>\n<li><a href=\"https:\/\/www.uai.it\" target=\"_blank\" rel=\"noopener nofollow noreferrer\">U.A.I. &#8211; Unione Astrofili Italiani<\/a><\/li>\n<li><a href=\"https:\/\/www.archeoclubitalia.org\/\" target=\"_blank\" rel=\"noopener nofollow noreferrer\">Archeoclub d&#8217;Italia Onlus<\/a><\/li>\n<li><a href=\"https:\/\/www.fitateatro.it\/public\/\" target=\"_blank\" rel=\"noopener nofollow noreferrer\">FITA &#8211; Federazione Teatro Amatori<\/a><\/li>\n<li><a href=\"https:\/\/federcolomb.it\/index1.html\" target=\"_blank\" rel=\"noopener nofollow noreferrer\">Federazione Colombofila Italiana <\/a><\/li>\n<li><a href=\"https:\/\/www.ambbresadola.org\/\" target=\"_blank\" rel=\"noopener nofollow noreferrer\">A.M.B. &#8211; Associazione Micologica Bresadola<\/a><\/li>\n<li><a href=\"https:\/\/www.unieda.it\/\" target=\"_blank\" rel=\"noopener nofollow noreferrer\">U.N.I.E.D.A. &#8211; Unione Italiana di Educazione degli Adulti <\/a><\/li>\n<li><a href=\"https:\/\/www.cgsweb.it\/\" target=\"_blank\" rel=\"noopener nofollow noreferrer\">C.G.S.\/CNOS-CIOFS \u00a0 &#8211;\u00a0 Associazione Nazionale di cultura cinematografica con riconoscimento ministeriale<\/a><\/li>\n<li><a href=\"https:\/\/www.fenalc.it\/\" target=\"_blank\" rel=\"noopener nofollow noreferrer\">FE.NA.L.C. &#8211; Federazione Nazionale Liberi Circoli <\/a><\/li>\n<\/ol>\n<p>&nbsp;<\/p>\n<p><span style=\"font-size: medium;\"><strong>Macro ambito volontariato assistenza disabili solidariet\u00e0<\/strong><\/span><\/p>\n<ol>\n<li><a href=\"https:\/\/www1.auser.it\" target=\"_blank\" rel=\"noopener nofollow noreferrer\">A.U.S.E.R. &#8211; Associazione per l&#8217;autogestione dei servizi e la solidariet\u00e0<\/a><\/li>\n<li><a href=\"https:\/\/www.modavi.it\/\" target=\"_blank\" rel=\"noopener nofollow noreferrer\">MO.D.A.V.I. &#8211; Movimento Delle Associazioni di Volontariato Italiano Onlus<\/a><\/li>\n<li><a href=\"https:\/\/www.anglat.it\" target=\"_blank\" rel=\"noopener nofollow noreferrer\">A.N.G.L.A.T. &#8211; Associazione Nazionale Guida Legislazioni handicap Trasporti<\/a><\/li>\n<li><a href=\"https:\/\/www.asiciao.it\" target=\"_blank\" rel=\"noopener nofollow noreferrer\">A.S.I. CIAO &#8211; Alleanza Sociale Italiana Coordinamento imprese Sociali, Associazioni, Organizzazioni non profit<\/a><\/li>\n<li><a href=\"https:\/\/www.anteasnazionale.it\/\" target=\"_blank\" rel=\"noopener nofollow noreferrer\">ANTEAS Servizi<\/a><\/li>\n<li><a href=\"https:\/\/www.exallievidonbosco.com\/\" target=\"_blank\" rel=\"noopener nofollow noreferrer\">Centro di Fraternit\u00e0 ex Allievi Di Don Bosco<\/a><span style=\"font-size: x-small;\"><br \/>\n<\/span><\/li>\n<\/ol>\n<p>&nbsp;<\/p>\n<p><span style=\"font-size: medium;\"><strong>Macro ambito Pro loco<\/strong><\/span><\/p>\n<ol>\n<li><a href=\"https:\/\/www.unpli.info\/\" target=\"_blank\" rel=\"noopener nofollow noreferrer\">U.N.P.L.I. &#8211; Unione Nazionale Pro Loco d&#8217;Italia<\/a><\/li>\n<\/ol>\n<p>&nbsp;<\/p>\n<p><span style=\"font-size: medium;\"><strong>Macro ambito scoutismo\/volontariato giovanile<\/strong><\/span><\/p>\n<ol>\n<li><a href=\"https:\/\/www.agesci.it\" target=\"_blank\" rel=\"noopener nofollow noreferrer\">A.G.E.S.C.I. &#8211; Associazione guide e scout cattolici italiani<\/a><\/li>\n<li><a href=\"https:\/\/www.cngei.it\/\" target=\"_blank\" rel=\"noopener nofollow noreferrer\">C.N.G.E.I. &#8211; Corpo Nazionale dei Giovani Esploratori ed Esploratrici italiani<\/a><\/li>\n<li><a href=\"https:\/\/www.arciserviziocivile.it\/\" target=\"_blank\" rel=\"noopener nofollow noreferrer\">A.S.C. &#8211; Arci Servizio Civile <\/a><\/li>\n<li><a href=\"https:\/\/www.eurodesk.it\/\" target=\"_blank\" rel=\"noopener nofollow noreferrer\">Eurodesk Italy<\/a><\/li>\n<li><a href=\"https:\/\/www.noiassociazione.it\/\" target=\"_blank\" rel=\"noopener nofollow noreferrer\">NOI Associazione<\/a><\/li>\n<li><a href=\"https:\/\/www.amesci.org\/\" target=\"_blank\" rel=\"noopener nofollow noreferrer\">AMESCI<\/a><span style=\"font-size: x-small;\"><br \/>\n<\/span><\/li>\n<\/ol>\n<p>&nbsp;<\/p>\n<p><span style=\"font-size: medium;\"><strong>Macro ambito tutela ambientale, degli animali e della qualit\u00e0 della vita<\/strong><\/span><\/p>\n<ol>\n<li><a href=\"https:\/\/www.italianostra.org\/\" target=\"_blank\" rel=\"noopener nofollow noreferrer\">Italia Nostra<\/a><\/li>\n<li><a href=\"https:\/\/www.legambiente.it\/\" target=\"_blank\" rel=\"noopener nofollow noreferrer\">Legambiente Onlus<\/a><\/li>\n<li><a href=\"https:\/\/www.pro-natura.it\/\" target=\"_blank\" rel=\"noopener nofollow noreferrer\">Federazione Nazionale Pro Natura<\/a><\/li>\n<li><a href=\"https:\/\/www.aiab.it\/\" target=\"_blank\" rel=\"noopener nofollow noreferrer\">A.I.A.B. &#8211; Associazione Italiana per l\u2019Agricoltura Biologica<\/a><\/li>\n<li><a href=\"https:\/\/www.giros.it\" target=\"_blank\" rel=\"noopener nofollow noreferrer\">G.I.R.O.S. &#8211; Gruppo Italiano per la Ricerca sulle Orchidee Spontanee<\/a><\/li>\n<li><a href=\"https:\/\/www.federparchi.it\/\" target=\"_blank\" rel=\"noopener nofollow noreferrer\">FEDERPARCHI Federazione Italiana dei Parchi e delle Riserve naturali<\/a><\/li>\n<li><a href=\"https:\/\/www.legadelcane.org\/\" target=\"_blank\" rel=\"noopener nofollow noreferrer\">Lega Nazionale per la Difesa del cane<\/a><\/li>\n<li><a href=\"https:\/\/lnx.ambienteweb.info\/asinisinasce\/\" target=\"_blank\" rel=\"noopener nofollow noreferrer\">Asini Si Nasce\u2026e io lo Nakkui<\/a><\/li>\n<li>Associazione Nazionale ed Internazionale Un Punto Macrobiotico (UPM)<\/li>\n<\/ol>\n<p>&nbsp;<\/p>\n<p><span style=\"font-size: medium;\"><strong>Macro ambito politico<\/strong><\/span><\/p>\n<ol>\n<li><a href=\"https:\/\/www.libera.it\/flex\/cm\/pages\/ServeBLOB.php\/L\/IT\/IDPagina\/1\" target=\"_blank\" rel=\"noopener nofollow noreferrer\">LIBERA &#8211; Associazione, nomi e numeri contro le mafie<\/a><\/li>\n<li><a href=\"https:\/\/www.italia-cuba.it\/\" target=\"_blank\" rel=\"noopener nofollow noreferrer\">Associazione Nazionale di Amicizia Italia-Cuba<\/a><\/li>\n<li><a href=\"https:\/\/www.italia.attac.org\/spip\/\" target=\"_blank\" rel=\"noopener nofollow noreferrer\">ATTAC Italia<\/a><\/li>\n<li><a href=\"https:\/\/www.udinazionale.org\/\" target=\"_blank\" rel=\"noopener nofollow noreferrer\">U.D.I. &#8211; Unione Donne in Italia<\/a><\/li>\n<li><a href=\"https:\/\/www.arcigay.it\/\" target=\"_blank\" rel=\"noopener nofollow noreferrer\">ARCIGAY<\/a><\/li>\n<li><a href=\"https:\/\/www.associazionelucacoscioni.it\/\" target=\"_blank\" rel=\"noopener nofollow noreferrer\">Associazione Luca Coscioni per la libert\u00e0 di ricerca scientifica <\/a><\/li>\n<li><a href=\"https:\/\/www.associazione360.it\/\" target=\"_blank\" rel=\"noopener nofollow noreferrer\">Associazione TrecentoSessanta<\/a><\/li>\n<\/ol>\n<p>&nbsp;<\/p>\n<p><span style=\"font-size: medium;\"><strong>Macro ambito raccolta fondi per combattere patologie e a sostegno dei familiari dei malati e delle famiglie<\/strong><\/span><\/p>\n<ol start=\"71\">\n<li><a href=\"https:\/\/www.aism.it\/index.aspx?codpage=hp\" target=\"_blank\" rel=\"noopener nofollow noreferrer\">A.I.S.M. &#8211; Associazione Italiana Sclerosi Multipla <\/a><\/li>\n<li><a href=\"https:\/\/www.movimentoapostolicociechi.it\/front-page\" target=\"_blank\" rel=\"noopener nofollow noreferrer\">M.A.C. &#8211; Movimento Apostolico Ciechi<\/a><\/li>\n<li><a href=\"https:\/\/www.aipd.it\" target=\"_blank\" rel=\"noopener nofollow noreferrer\">A.I.P.D. &#8211; Associazione italiana persone down<\/a><\/li>\n<li><a href=\"https:\/\/www.anmil.it\/\" target=\"_blank\" rel=\"noopener nofollow noreferrer\">A.N.M.I.L. &#8211; Associazione Nazionale Mutilati ed Invalidi del Lavoro<\/a><\/li>\n<li><a href=\"https:\/\/www.unmil.it\/\" target=\"_blank\" rel=\"noopener nofollow noreferrer\">U.N.M.I.L. &#8211; Unione Nazionale Mutilati Invalidi del Lavoro <\/a><\/li>\n<li><a href=\"https:\/\/www.aiasnazionale.it\/page.asp\" target=\"_blank\" rel=\"noopener nofollow noreferrer\">A.I.A.S. &#8211; Associazione Italiana per l&#8217;Assistenza agli Spastici<\/a><\/li>\n<li><a href=\"https:\/\/www.uiciechi.it\/\" target=\"_blank\" rel=\"noopener nofollow noreferrer\">U.I.C. &#8211; Unione Italiana Ciechi<\/a><\/li>\n<li><a href=\"https:\/\/www.onmic.it\" target=\"_blank\" rel=\"noopener nofollow noreferrer\">O.N.M.I.C. &#8211; Opera Nazionale Mutilati Invalidi Civili<\/a><\/li>\n<li><a href=\"https:\/\/www.anmic.it\/\" target=\"_blank\" rel=\"noopener nofollow noreferrer\">A.N.M.I.C. &#8211; Associazione Nazionale Mutilati e Invalidi Civili <\/a><\/li>\n<li><a href=\"https:\/\/www.unms.it\/\" target=\"_blank\" rel=\"noopener nofollow noreferrer\">U.N.M.S. &#8211; Unione Nazionale Mutilati ed Invalidi per Servizio<\/a><\/li>\n<li><a href=\"https:\/\/www.aistom.org\/\" target=\"_blank\" rel=\"noopener nofollow noreferrer\">A.I.STOM. &#8211; Associazione Italiana Stomizzati<\/a><\/li>\n<li><a href=\"https:\/\/www.fishonlus.it\/\" target=\"_blank\" rel=\"noopener nofollow noreferrer\">F.I.S.H. &#8211; Federazione Italiana Superamento Handicap <\/a><\/li>\n<li><a href=\"https:\/\/www.anpvionlus.it\/\" target=\"_blank\" rel=\"noopener nofollow noreferrer\">A.N.P.V.I. &#8211; Associazione Nazionale Privi della Vista ed Ipovedenti<\/a><\/li>\n<li><a href=\"https:\/\/www.apici.org\/\" target=\"_blank\" rel=\"noopener nofollow noreferrer\">A.P.I.C.I. &#8211; Associazioni Provinciali Invalidi Civili e Cittadini Anziani Onlus<\/a><\/li>\n<li><a href=\"https:\/\/www.celiachia.it\/home\/HomePage.aspx\" target=\"_blank\" rel=\"noopener nofollow noreferrer\">A.I.C. &#8211; Associazione Italiana Celiachia <\/a><\/li>\n<li><a href=\"https:\/\/www.unitalsi.info\/\" target=\"_blank\" rel=\"noopener nofollow noreferrer\">U.N.I.T.A.L.S.I. &#8211; Unione Nazionale Italiana Trasporto Ammalati a Lourdes e Santuari Internazionali<\/a><\/li>\n<li><a href=\"https:\/\/www.ens.it\/\" target=\"_blank\" rel=\"noopener nofollow noreferrer\">E.N.S. &#8211; Ente Nazionale per l&#8217;assistenza e la protezione dei Sordomuti <\/a><\/li>\n<li><a href=\"https:\/\/www.alcolistianonimiitalia.it\/\" target=\"_blank\" rel=\"noopener nofollow noreferrer\">A.A. &#8211; Alcolisti Anonimi<\/a><\/li>\n<li><a href=\"https:\/\/www.overeatersanonymous.it\" target=\"_blank\" rel=\"noopener nofollow noreferrer\">Overeaters Anonymous<\/a><\/li>\n<li><a href=\"https:\/\/www.anffas.net\/Page.asp#.UP_MpWfaKSo\" target=\"_blank\" rel=\"noopener nofollow noreferrer\">A.N.F.F.A.S. &#8211; Associazione Nazionale Famiglie di Persone con Disabilit\u00e0 Intellettiva e\/o Relazionali Onlus<\/a><\/li>\n<li><a href=\"https:\/\/www.uniamo.org\/\" target=\"_blank\" rel=\"noopener nofollow noreferrer\">UNIAMO F.I.M.R. &#8211; Federazione Italiana Malattie Rare Onlus <\/a><\/li>\n<li><a href=\"https:\/\/www.fais.info\/\" target=\"_blank\" rel=\"noopener nofollow noreferrer\">F.A.I.S. &#8211; Federazione Associazioni Incontinenti e Stomizzati Onlus<\/a><\/li>\n<li><a href=\"https:\/\/www.hhtonlus.org\/\" target=\"_blank\" rel=\"noopener nofollow noreferrer\">HHT Onlus- Associazione Italiana Teleangectasia Emorragica Ereditaria<\/a><\/li>\n<li><a href=\"https:\/\/www.sclerosituberosa.com\/\" target=\"_blank\" rel=\"noopener nofollow noreferrer\">Associazione Sclerosi Tuberosa Onlus<\/a><\/li>\n<li><a href=\"https:\/\/www.cicanazionale.it\/\" target=\"_blank\" rel=\"noopener nofollow noreferrer\">C.I.C.A. &#8211; Coordinamento Italiano delle Case Alloggio per persone con HIV\/AIDS <\/a><\/li>\n<li><a href=\"https:\/\/www.aiditalia.org\/\" target=\"_blank\" rel=\"noopener nofollow noreferrer\">A.I.D. &#8211; Associazione Italiana Dislessia<\/a><\/li>\n<li><a href=\"https:\/\/www.anpasnazionale.org\/\" target=\"_blank\" rel=\"noopener nofollow noreferrer\">A.N.P.AS &#8211; Associazione Nazionale Pubbliche Assistenze<\/a><\/li>\n<li><a href=\"https:\/\/www.mpv.org\/\" target=\"_blank\" rel=\"noopener nofollow noreferrer\">M.P.V. &#8211; Movimento per la Vita Italiano<\/a><\/li>\n<li><a href=\"https:\/\/www.parentproject.it\/\" target=\"_blank\" rel=\"noopener nofollow noreferrer\">Parent Project<\/a><\/li>\n<li><a href=\"https:\/\/www.famiglienumerose.org\/\" target=\"_blank\" rel=\"noopener nofollow noreferrer\">Associazione Nazionale Famiglie Numerose<\/a><\/li>\n<li><a href=\"https:\/\/www.moige.it\/\" target=\"_blank\" rel=\"noopener nofollow noreferrer\">MO.I.GE. &#8211; Movimento Italiano Genitori Onlus<\/a><\/li>\n<li><a href=\"https:\/\/www.somatopsichica.it\/\" target=\"_blank\" rel=\"noopener nofollow noreferrer\">Accademia Europea Integrazione CRS-IDEA<\/a><\/li>\n<li><a href=\"https:\/\/www.cnca.it\/\" target=\"_blank\" rel=\"noopener nofollow noreferrer\">C.N.C.A. &#8211; Coordinamento Nazionale Comunit\u00e0 di Accoglienza<\/a><\/li>\n<li><a href=\"https:\/\/www.comunitadicapodarco.it\/\" target=\"_blank\" rel=\"noopener nofollow noreferrer\">Comunit\u00e0 di Capodarco<\/a><\/li>\n<li><a href=\"https:\/\/www.salesianiperilsociale.it\/\" target=\"_blank\" rel=\"noopener nofollow noreferrer\">Federazione SCS\/CNOS<\/a><\/li>\n<li><a href=\"https:\/\/www.forumfamiglie.org\/\" target=\"_blank\" rel=\"noopener nofollow noreferrer\">Forum delle Associazioni Familiari <\/a><\/li>\n<li><a href=\"https:\/\/www.vittimestrada.org\/\" target=\"_blank\" rel=\"noopener nofollow noreferrer\">A.I.F.V.S. &#8211; Associazione Italiana Familiari Vittime della Strada <\/a><\/li>\n<li><a href=\"https:\/\/www.fiadda.it\/\" target=\"_blank\" rel=\"noopener nofollow noreferrer\">F.I.A.D.D.A. &#8211;\u00a0Famiglie Italiane Associate per la Difesa dei Diritti delle persone Audiolese. <\/a><\/li>\n<li><a href=\"https:\/\/www.ageingnew.sincromedia.net\/\" target=\"_blank\" rel=\"noopener nofollow noreferrer\">THE AGEING SOCIETY<\/a><\/li>\n<\/ol>\n<p>&nbsp;<\/p>\n<p><span style=\"font-size: medium;\"><strong>Macro ambito associazioni consumatori<\/strong><\/span><\/p>\n<ol start=\"112\">\n<li><a href=\"https:\/\/www.codacons.it\/\" target=\"_blank\" rel=\"noopener nofollow noreferrer\">CO.D.A.CONS. &#8211; Coordinamento delle Associazioni per la Difesa dell&#8217;Ambiente e dei Diritti degli Utenti e dei Consumatori <\/a><\/li>\n<li><a href=\"https:\/\/www.codici.org\/\" target=\"_blank\" rel=\"noopener nofollow noreferrer\">CO.DI.CI. &#8211; Centri per i diritti del cittadino <\/a><\/li>\n<li><a href=\"https:\/\/www.federconsumatori.it\/\" target=\"_blank\" rel=\"noopener nofollow noreferrer\">Federconsumatori<\/a><\/li>\n<li><a href=\"https:\/\/www.movimentoconsumatori.it\/\" target=\"_blank\" rel=\"noopener nofollow noreferrer\">Movimento Consumatori<\/a><\/li>\n<li><a href=\"https:\/\/www.mdc.it\/\" target=\"_blank\" rel=\"noopener nofollow noreferrer\">M.D.C. &#8211; Movimento Difesa del Cittadino Onlus<\/a><\/li>\n<li><a href=\"https:\/\/www.adocnazionale.it\/\" target=\"_blank\" rel=\"noopener nofollow noreferrer\">A.D.O.C. &#8211; Associazione per la Difesa e l&#8217;Orientamento dei Consumatori<\/a><\/li>\n<li><a href=\"https:\/\/www.adiconsum.it\/\" target=\"_blank\" rel=\"noopener nofollow noreferrer\">ADICONSUM &#8211; Associazione Difesa Consumatori e Ambiente<\/a><\/li>\n<li><a href=\"https:\/\/www.consumatori.it\/\" target=\"_blank\" rel=\"noopener nofollow noreferrer\">Unione Nazionale Consumatori<\/a><\/li>\n<li><a href=\"https:\/\/www.legaconsumatori.it\" target=\"_blank\" rel=\"noopener nofollow noreferrer\">Lega Consumatori<\/a><\/li>\n<li>A.D.I.R.CON &#8211; Associazione nazionale per la Difesa, l&#8217;Informazione e la Responsabilizzazione dei Consumatori e utenti<\/li>\n<li><a href=\"https:\/\/www.cittadinanzattiva.it\/\" target=\"_blank\" rel=\"noopener nofollow noreferrer\">Cittadinanzattiva Onlus<\/a><\/li>\n<\/ol>\n<p>&nbsp;<\/p>\n<p><span style=\"font-size: medium;\"><strong>Macro ambito associazioni religiose<\/strong><\/span><\/p>\n<ol start=\"123\">\n<li><a href=\"https:\/\/www.conacreis.it\/\" target=\"_blank\" rel=\"noopener nofollow noreferrer\">CO.N.A.C.R.E.I.S. &#8211; Coordinamento Nazionale Associazioni e Comunit\u00e0 di Ricerca Etica Interiore Spirituale<\/a><\/li>\n<li><a href=\"https:\/\/www.paxchristi.it\/\" target=\"_blank\" rel=\"noopener nofollow noreferrer\">Pax Christi Italia <\/a><\/li>\n<li><a href=\"https:\/\/www.mcl.it\/\" target=\"_blank\" rel=\"noopener nofollow noreferrer\">M.C.L. &#8211; Movimento Cristiano Lavoratori<\/a><\/li>\n<li><a href=\"https:\/\/www.federazionecds.org\/cds\/la-federazione-centri-di-solidarieta.html\" rel=\"nofollow noopener noreferrer\" target=\"_blank\">F.C.S.-C.d.O. &#8211; Federazione Centri di solidariet\u00e0 della Compagnia delle Opere<\/a><\/li>\n<li><a href=\"https:\/\/www.foe.it\/Objects\/Home1.asp\" target=\"_blank\" rel=\"noopener nofollow noreferrer\">Compagnia delle Opere CDO Opere Educative<\/a><\/li>\n<li><a href=\"https:\/\/www.cdooperesociali.org\/\" target=\"_blank\" rel=\"noopener nofollow noreferrer\">Compagnia delle Opere CDO Opere Sociali<\/a><\/li>\n<li><a href=\"https:\/\/www.federazionecds.org\/santacaterina\/\" target=\"_blank\" rel=\"noopener nofollow noreferrer\">Associazione Nazionale di Promozione Sociale Santa Caterina da Siena <\/a><\/li>\n<li><a href=\"https:\/\/www.anspi.it\/\" target=\"_blank\" rel=\"noopener nofollow noreferrer\">A.N.S.P.I. &#8211; Associazione Nazionale S.Paolo Italia<\/a><\/li>\n<li>Associazione Santa Lucia<\/li>\n<li><a href=\"https:\/\/www.santegidio.org\/\" target=\"_blank\" rel=\"noopener nofollow noreferrer\">Comunit\u00e0 di S.Egidio<\/a><\/li>\n<li><a href=\"https:\/\/adeiwizo.org\/\" target=\"_blank\" rel=\"noopener nofollow noreferrer\">ADEI-WIZO Associazione Donne Ebree d&#8217;Italia <\/a><\/li>\n<li><a href=\"https:\/\/www.radiomaria.it\/\" target=\"_blank\" rel=\"noopener nofollow noreferrer\">Associazione Radio Maria<\/a><\/li>\n<li><a href=\"https:\/\/www.agesc.it\/\" target=\"_blank\" rel=\"noopener nofollow noreferrer\">A.Ge.S.C. &#8211; Associazione Genitori Scuole Cattoliche<\/a><\/li>\n<li><a href=\"https:\/\/www.uaar.it\/\" target=\"_blank\" rel=\"noopener nofollow noreferrer\">U.A.A.R. &#8211; Unione degli Atei e degli Agnostici Razionalisti <\/a><\/li>\n<li><a href=\"https:\/\/www.rosacroce.info\/\" target=\"_blank\" rel=\"noopener nofollow noreferrer\">Associazione Lectorium Rosicrucianum<\/a><\/li>\n<\/ol>\n<p>&nbsp;<\/p>\n<p><span style=\"font-size: medium;\"><strong>Macro ambito associazioni turistiche<\/strong><\/span><\/p>\n<ol start=\"139\">\n<li><a href=\"https:\/\/www.touringclub.it\/\" target=\"_blank\" rel=\"noopener nofollow noreferrer\">Touring Club Italiano <\/a><\/li>\n<li><a href=\"https:\/\/www.fitus.it\/Objects\/Home1.asp\" target=\"_blank\" rel=\"noopener nofollow noreferrer\">F.I.Tu.S. &#8211; Federazione Italiana di Turismo Sociale <\/a><\/li>\n<li><a href=\"https:\/\/www.etsiromaelazio.it\/web\/index.php\/chisiamo\" rel=\"nofollow noopener noreferrer\" target=\"_blank\">E.T.S.I. &#8211; Ente Turistico Sociale Italiano <\/a><\/li>\n<li><a href=\"https:\/\/associazione.cts.it\/\" target=\"_blank\" rel=\"noopener nofollow noreferrer\">C.T.S. &#8211; Centro Turistico Studentesco e Giovanile<\/a><\/li>\n<li><a href=\"https:\/\/www.ctg.it\/Objects\/Home1.asp\" target=\"_blank\" rel=\"noopener nofollow noreferrer\">C.T.G. &#8211; Centro Turistico Giovanile<\/a><\/li>\n<li><a href=\"https:\/\/www.arciragazzi.it\/\" target=\"_blank\" rel=\"noopener nofollow noreferrer\">Arciragazzi Nazionale <\/a><\/li>\n<li><a href=\"https:\/\/www.ctaonline.it\/\" target=\"_blank\" rel=\"noopener nofollow noreferrer\">C.T.A. &#8211; Centro Turistico Acli<\/a><\/li>\n<li><a href=\"https:\/\/www.turismogiovanilesociale.it\/doceboCms\/\" target=\"_blank\" rel=\"noopener nofollow noreferrer\">T.G.S. &#8211; Turismo Giovanile e Sociale<\/a><\/li>\n<li><a href=\"https:\/\/www.citsnet.it\" target=\"_blank\" rel=\"noopener nofollow noreferrer\">C.I.T.S. &#8211; Centro Italiano Turismo Sociale<\/a><\/li>\n<li><a href=\"https:\/\/www.aitr.org\/\" target=\"_blank\" rel=\"noopener nofollow noreferrer\">A.I.T.R. &#8211; Associazione Italiana Turismo Responsabile<\/a><\/li>\n<li><a href=\"https:\/\/cartagiovani.it\/\" target=\"_blank\" rel=\"noopener nofollow noreferrer\">Associazione Carta Giovani<\/a><\/li>\n<li><a href=\"https:\/\/www.ancos.it\/\" target=\"_blank\" rel=\"noopener nofollow noreferrer\">ANCOS- Associazione Nazionale Comunit\u00e0 Sociali e Sportive<\/a><\/li>\n<\/ol>\n<p>&nbsp;<\/p>\n<p>&nbsp;<\/p>\n<p><span style=\"font-size: medium;\"><strong><strong>Macro ambito\u00a0<\/strong>Associazioni combattentistiche<\/strong><\/span><\/p>\n<ol start=\"139\">\n<li>A.N.RR.A. &#8211; Associazione Nazionale Reduci D&#8217;Africa<\/li>\n<li><a href=\"https:\/\/www.anfcdg.it\/\" target=\"_blank\" rel=\"noopener nofollow noreferrer\">A.N.F.C.D.G. &#8211; Associazione Nazionale Famiglie Caduti e Dispersi in Guerra <\/a><\/li>\n<li><a href=\"https:\/\/www.anvcg.it\/\" target=\"_blank\" rel=\"noopener nofollow noreferrer\">A.N.V.C.G. &#8211; Associazione Nazionale Vittime Civili di Guerra Onlus<\/a><\/li>\n<\/ol>\n<p>&nbsp;<\/p>\n<p><span style=\"font-size: medium;\"><strong><strong>Macro ambito<\/strong>\u00a0Cooperazione Internazionale<\/strong><\/span><\/p>\n<ol start=\"139\">\n<li><a href=\"https:\/\/www.cocis.it\/\" target=\"_blank\" rel=\"noopener nofollow noreferrer\">C.O.C.I.S. &#8211; Coordinamento delle Organizzazioni non governative per la Cooperazione Internazionale allo Sviluppo Onlus <\/a><\/li>\n<li><a href=\"https:\/\/www.focsiv.it\/\" target=\"_blank\" rel=\"noopener nofollow noreferrer\">FOCSIV Volontari nel mondo <\/a><\/li>\n<li><a href=\"https:\/\/www.bambinichernobyl.com\" target=\"_blank\" rel=\"noopener nofollow noreferrer\">Associazione &#8220;Bambini Chernobyl&#8221;<\/a><\/li>\n<li>Associazione Fabio Sormanni<\/li>\n<li><a href=\"https:\/\/www.famiglieperaccoglienza.it\/\" target=\"_blank\" rel=\"noopener nofollow noreferrer\">Famiglie per l&#8217;accoglienza<\/a><\/li>\n<li><a href=\"https:\/\/www.sahajayogaabruzzo.it\/vishwa-nirmala-dharma.html\" target=\"_blank\" rel=\"noopener nofollow noreferrer\">Vishwa Nirmala Dharma<\/a><\/li>\n<li><a href=\"https:\/\/www.arciculturaesviluppo.it\/\" target=\"_blank\" rel=\"noopener nofollow noreferrer\">ARCS Arci Cultura e Sviluppo<\/a> <span style=\"font-size: x-small;\"><br style=\"font-size: x-small;\" \/><\/span><\/li>\n<\/ol>\n<p>&nbsp;<\/p>\n<p><span style=\"font-size: medium;\"><strong><strong>Macro ambito\u00a0<\/strong>Associazioni di lavoratori\/ categoria<\/strong><\/span><\/p>\n<ol start=\"139\">\n<li><a href=\"https:\/\/www.assodipro.org\/\" target=\"_blank\" rel=\"noopener nofollow noreferrer\">As.So. Di. Pro. &#8211; Associazione Solidariet\u00e0 Diritto e Progresso<\/a><\/li>\n<li><a href=\"https:\/\/www.giuristidemocratici.it\/\" target=\"_blank\" rel=\"noopener nofollow noreferrer\">Associazione Nazionale Giuristi Democratici<\/a><\/li>\n<li><a href=\"https:\/\/www.moica.it\/\" target=\"_blank\" rel=\"noopener nofollow noreferrer\">MO.I.CA. &#8211; Movimento Italiano Casalinghe<\/a><\/li>\n<li><a href=\"https:\/\/www.impresasensibile.cna.it\/\" target=\"_blank\" rel=\"noopener nofollow noreferrer\">CNA Impresa Sensibile<\/a><\/li>\n<li><a href=\"https:\/\/www.anla.it\/\" target=\"_blank\" rel=\"noopener nofollow noreferrer\">A.N.L.A. &#8211; Associazione Nazionale Lavoratori d&#8217;Azienda<\/a><\/li>\n<li><a href=\"https:\/\/www.capitpresidenza.it\/ud.htm\" target=\"_blank\" rel=\"noopener nofollow noreferrer\">C.A.P.I.T. &#8211; Confederazione di Azione Popolare Italiana <\/a><\/li>\n<\/ol>\n<p>&nbsp;<\/p>\n<p><span style=\"font-size: medium;\"><strong><strong>Macro ambito\u00a0<\/strong>Associazioni di interessi specifici e particolari<\/strong><\/span><\/p>\n<ol start=\"139\">\n<li><a href=\"https:\/\/www.aesitalia.org\/web\/index.php\" target=\"_blank\" rel=\"noopener nofollow noreferrer\">A.E.S. ITALIA<\/a><\/li>\n<li><a href=\"https:\/\/www.cremazione.it\/\" target=\"_blank\" rel=\"noopener nofollow noreferrer\">F.I.C. &#8211; Federazione Italiana per la Cremazione<\/a><span style=\"font-size: x-small;\"><br \/>\n<\/span><\/li>\n<\/ol>\n<p>&nbsp;<\/p>\n<p><strong>Damiano Dalerba\u00a0<\/strong>&amp;<strong>\u00a0Stefano Cabot<\/strong><\/p>\n<p><em>Direttori area noprofit di TeamArtist<\/em><\/p>\n<p>&nbsp;<\/p>\n<p><strong>HAI ANCORA DEI DUBBI?<\/strong>\u00a0<strong>Scrivici<strong>\u00a0qui di seguito\u00a0<\/strong>i tuoi QUESITI (facendo un ELENCO NUMERATO di tutte le tue domande) e ti risponderemo GRATUITAMENTE dandoti la precedenza SE (ci vogliono solo\u00a0<\/strong><strong>30 secondi):\u00a0<\/strong><\/p>\n<p><em><strong>1.<\/strong>\u00a0avrai\u00a0<strong>m<\/strong><b>esso &#8220;MI PIACE&#8221;<\/b>\u00a0sulla nostra\u00a0<b>pagina Facebook:\u00a0 <\/b><a href=\"https:\/\/www.facebook.com\/TeamArtist.Italy\" target=\"_blank\" rel=\"noopener nofollow noreferrer\">https:\/\/www.facebook.com\/TeamArtist.Italy<\/a><\/em><\/p>\n<p><em><b>2.<\/b>\u00a0avrai portato il mouse sopra il pulsante &#8220;TI PIACE&#8221; e\u00a0<strong>selezionato &#8220;AGGIUNGI ALLE \u00a0LISTE DEGLI INTERESSI&#8221;<\/strong>. Solo cos\u00ec\u00a0<b>continuerai a ricevere<\/b>\u00a0tutti i nostri aggiornamenti\u00a0(senza far ci\u00f2 non vedrai circa il 60% di ci\u00f2 che pubblicheremo!)<\/em><\/p>\n<p><em><b>3.<\/b>\u00a0ci avrai<b>\u00a0chiesto l&#8217;amicizia<\/b>.\u00a0<a href=\"https:\/\/b5x2g.s45.it\/frontend\/track.aspx?url=https:\/\/b5x2g.s45.it\/f\/tr.aspx\/:rQS$:08Um6i=or\/r\/y--.c=ov1ylda=bfkb1vnnil97749:rQS*:af:4:adnAhma905t0f.-haebgi7.fNCLM\" target=\"_blank\" rel=\"noopener nofollow noreferrer\">Clicca qui:\u00a0https:\/\/www.facebook.com\/Associazioninonprofit<\/a>.<\/em><\/p>\n","protected":false},"excerpt":{"rendered":"<p>C&#8217;\u00e8 voluto del tempo! Ma finalmente abbiamo concluso quest&#8217;opera titanica che nessuno prima di noi aveva ancora avuto il coraggio di fare: l&#8217;elenco ragionato (cio\u00e8 suddiviso per ambiti e non alla rinfusa) di tutte le APS (Associazioni di Promozione Sociale) iscritte al registro Nazionale, con tutti i link per arrivare ai loro siti istituzionali! A cosa serve? <\/p>\n<p>Semplice, l&#8217;unione fa la forza ed oggi essere una piccola Associazione non affiliata ad una Associazione Nazionale significa essere deboli, isolati, non potersi confrontare, non godere delle convenzioni nazionali, perdere un sacco di vantaggi&#8230; etc etc. Dovete immaginare che per ogni area di interesse probabilmente c&#8217;\u00e8 gi\u00e0 una Associazione Nazionale con altri volontari come voi, che hanno i vostri stessi problemi e che magari hanno gi\u00e0 trovato delle valide soluzioni.<\/p>\n","protected":false},"author":8,"featured_media":14384,"comment_status":"open","ping_status":"open","sticky":false,"template":"template-post-central-photo.php","format":[],"meta":{"ns_seo_title":"Elenco Associazioni di Promozione Sociale","ns_meta_description":"Scopri l'elenco completo e ragionato delle Associazioni di Promozione Sociale iscritte nel registro nazionale, con link ai loro siti ufficiali.","ns_meta_keywords":"Associazioni di Promozione Sociale, APS, volontariato, elenchi, associazioni, registro nazionale","ns_format_proposto":0,"ns_tipologia_proposta":0,"ns_tag_proposti":[],"ns_argomento_proposto":0,"ns_categoria_proposta":0,"ns_check_query_entries":[],"ns_valutazione_query_keywords":null,"ns_pagespeed_results":[],"footnotes":""},"categories":[863],"tags":[865],"tipologia":[],"argomento":[],"class_list":["post-2515","post","type-post","status-publish","format-standard","has-post-thumbnail","hentry","category-costituireassociazione","tag-informazioni_generali_su_come_costituire_una_associazione"],"_links":{"self":[{"href":"https:\/\/www.teamartist.com\/blog\/wp-json\/wp\/v2\/posts\/2515","targetHints":{"allow":["GET"]}}],"collection":[{"href":"https:\/\/www.teamartist.com\/blog\/wp-json\/wp\/v2\/posts"}],"about":[{"href":"https:\/\/www.teamartist.com\/blog\/wp-json\/wp\/v2\/types\/post"}],"author":[{"embeddable":true,"href":"https:\/\/www.teamartist.com\/blog\/wp-json\/wp\/v2\/users\/8"}],"replies":[{"embeddable":true,"href":"https:\/\/www.teamartist.com\/blog\/wp-json\/wp\/v2\/comments?post=2515"}],"version-history":[{"count":"1","href":"https:\/\/www.teamartist.com\/blog\/wp-json\/wp\/v2\/posts\/2515\/revisions"}],"predecessor-version":[{"id":13469,"href":"https:\/\/www.teamartist.com\/blog\/wp-json\/wp\/v2\/posts\/2515\/revisions\/13469"}],"wp:featuredmedia":[{"embeddable":true,"href":"https:\/\/www.teamartist.com\/blog\/wp-json\/wp\/v2\/media\/14384"}],"wp:attachment":[{"href":"https:\/\/www.teamartist.com\/blog\/wp-json\/wp\/v2\/media?parent=2515"}],"wp:term":[{"taxonomy":"category","embeddable":true,"href":"https:\/\/www.teamartist.com\/blog\/wp-json\/wp\/v2\/categories?post=2515"},{"taxonomy":"post_tag","embeddable":true,"href":"https:\/\/www.teamartist.com\/blog\/wp-json\/wp\/v2\/tags?post=2515"},{"taxonomy":"tipologia","embeddable":true,"href":"https:\/\/www.teamartist.com\/blog\/wp-json\/wp\/v2\/tipologia?post=2515"},{"taxonomy":"argomento","embeddable":true,"href":"https:\/\/www.teamartist.com\/blog\/wp-json\/wp\/v2\/argomento?post=2515"},{"taxonomy":"format","embeddable":true,"href":"https:\/\/www.teamartist.com\/blog\/wp-json\/wp\/v2\/format?post=2515"}],"curies":[{"name":"wp","href":"https:\/\/api.w.org\/{rel}","templated":true}]}}